{"id":42946,"date":"2021-09-17T09:13:02","date_gmt":"2021-09-17T07:13:02","guid":{"rendered":"https:\/\/euwps02.newsmemory.com\/ilmercoledi\/news\/?p=42946"},"modified":"2021-09-17T09:15:56","modified_gmt":"2021-09-17T07:15:56","slug":"montagna-apre-la-festa-dellunita","status":"publish","type":"post","link":"https:\/\/www.ilmercoledi.news\/2021\/09\/17\/montagna-apre-la-festa-dellunita\/","title":{"rendered":"Montagna apre la festa dell&#8217;Unit\u00e0"},"content":{"rendered":"<p>Tre giorni per parlare di politica, e di elezioni. Apre stasera, venerd\u00ec 17 settembre, alle 21 il festival dell&#8217;Unit\u00e0 organizzato dal Pd di Moncalieri. Il primo post Covid, e sar\u00e0 il sindaco Paolo Montagna, ad un anno dal successo che lo ha confermato sindaco di Moncalieri, a fare il punto delle cose fatte ma soprattutto a parlare del futuro, stuzzicato dal vice direttore de il Mercoled\u00ec Luca Carisio. Domani, sabato sera, si parler\u00e0 di elezioni, con il confronto tra i candidati sindaci del centro sinistra, alla presenza del responsabile nazionale enti locali dei dem, l&#8217;ex Ministro Boccia. Intorno al tavolo Stefano Lorusso (Torino), Gianpiero Tolardo (Nichelino), Angelo Elia (Carmagnola),\u00a0Emanuela Semperboni (Beinasco), Roberto Falciola (Carignano), Laura Sandrone (Trofarello).<\/p>\n<p>Dalle 19 cucina aperta, con l&#8217;immancabile grigliata<\/p>\n","protected":false},"excerpt":{"rendered":"","protected":false},"author":7,"featured_media":34636,"comment_status":"open","ping_status":"closed","sticky":false,"template":"","format":"standard","meta":[],"categories":[8],"tags":[],"news-destination":[],"news-source":[],"is_homepage":[],"ta_other":[],"_links":{"self":[{"href":"https:\/\/www.ilmercoledi.news\/ilmercoledi\/news\/wp-json\/wp\/v2\/posts\/42946"}],"collection":[{"href":"https:\/\/www.ilmercoledi.news\/ilmercoledi\/news\/wp-json\/wp\/v2\/posts"}],"about":[{"href":"https:\/\/www.ilmercoledi.news\/ilmercoledi\/news\/wp-json\/wp\/v2\/types\/post"}],"author":[{"embeddable":true,"href":"https:\/\/www.ilmercoledi.news\/ilmercoledi\/news\/wp-json\/wp\/v2\/users\/7"}],"replies":[{"embeddable":true,"href":"https:\/\/www.ilmercoledi.news\/ilmercoledi\/news\/wp-json\/wp\/v2\/comments?post=42946"}],"version-history":[{"count":1,"href":"https:\/\/www.ilmercoledi.news\/ilmercoledi\/news\/wp-json\/wp\/v2\/posts\/42946\/revisions"}],"predecessor-version":[{"id":42947,"href":"https:\/\/www.ilmercoledi.news\/ilmercoledi\/news\/wp-json\/wp\/v2\/posts\/42946\/revisions\/42947"}],"wp:featuredmedia":[{"embeddable":true,"href":"https:\/\/www.ilmercoledi.news\/ilmercoledi\/news\/wp-json\/wp\/v2\/media\/34636"}],"wp:attachment":[{"href":"https:\/\/www.ilmercoledi.news\/ilmercoledi\/news\/wp-json\/wp\/v2\/media?parent=42946"}],"wp:term":[{"taxonomy":"category","embeddable":true,"href":"https:\/\/www.ilmercoledi.news\/ilmercoledi\/news\/wp-json\/wp\/v2\/categories?post=42946"},{"taxonomy":"post_tag","embeddable":true,"href":"https:\/\/www.ilmercoledi.news\/ilmercoledi\/news\/wp-json\/wp\/v2\/tags?post=42946"},{"taxonomy":"news-destination","embeddable":true,"href":"https:\/\/www.ilmercoledi.news\/ilmercoledi\/news\/wp-json\/wp\/v2\/news-destination?post=42946"},{"taxonomy":"news-source","embeddable":true,"href":"https:\/\/www.ilmercoledi.news\/ilmercoledi\/news\/wp-json\/wp\/v2\/news-source?post=42946"},{"taxonomy":"is_homepage","embeddable":true,"href":"https:\/\/www.ilmercoledi.news\/ilmercoledi\/news\/wp-json\/wp\/v2\/is_homepage?post=42946"},{"taxonomy":"ta_other","embeddable":true,"href":"https:\/\/www.ilmercoledi.news\/ilmercoledi\/news\/wp-json\/wp\/v2\/ta_other?post=42946"}],"curies":[{"name":"wp","href":"https:\/\/api.w.org\/{rel}","templated":true}]}}