{"id":43095,"date":"2021-09-27T15:03:25","date_gmt":"2021-09-27T13:03:25","guid":{"rendered":"https:\/\/euwps02.newsmemory.com\/ilmercoledi\/news\/?p=43095"},"modified":"2021-09-27T15:04:51","modified_gmt":"2021-09-27T13:04:51","slug":"santena-il-comune-anche-ad-ottobre-e-previsto-lanticipo-dei-termini-di-pagamento-delle-pensioni","status":"publish","type":"post","link":"https:\/\/www.ilmercoledi.news\/2021\/09\/27\/santena-il-comune-anche-ad-ottobre-e-previsto-lanticipo-dei-termini-di-pagamento-delle-pensioni\/","title":{"rendered":"SANTENA &#8211; Il Comune: &#8216;Anche ad ottobre \u00e8 previsto l\u2019anticipo dei termini di pagamento delle pensioni&#8217;"},"content":{"rendered":"<p>Il Comune di Santena ricorda che anche per il mese di ottobre \u00e8 previsto l\u2019anticipo dei termini di pagamento delle pensioni. Poste Italiane continuer\u00e0 ad organizzare l\u2019attivit\u00e0 della rete a tutela della sicurezza dei propri clienti e dipendenti per garantire l\u2019accesso e dipendenti per garantire l\u2019accesso scaglionato e contingentato degli utenti che desidereranno ritirare presso gli Uffici Postali la loro pensione. Di seguito il calendario per il ritiro dal 27 settembre al 1\u00b0 ottobre: Dalla A alla C luned\u00ec 27 settembre Dalla D alla G marted\u00ec 28 settembre Dalla H alla M mercoled\u00ec 29 settembre Dalla N alla R gioved\u00ec 30 settembre Dalla S alla Z venerd\u00ec 1\u00b0 ottobre. L&#8217;ufficio postale di via Principe Amedeo 44 a Santena osserva l&#8217;orario dal luned\u00ec al venerd\u00ec dalle 8,20 alle 13,35 ed il sabato dalle 8,20 alle 12,35.<\/p>\n","protected":false},"excerpt":{"rendered":"","protected":false},"author":11,"featured_media":11451,"comment_status":"open","ping_status":"closed","sticky":false,"template":"","format":"standard","meta":[],"categories":[34],"tags":[],"news-destination":[],"news-source":[],"is_homepage":[],"ta_other":[],"_links":{"self":[{"href":"https:\/\/www.ilmercoledi.news\/ilmercoledi\/news\/wp-json\/wp\/v2\/posts\/43095"}],"collection":[{"href":"https:\/\/www.ilmercoledi.news\/ilmercoledi\/news\/wp-json\/wp\/v2\/posts"}],"about":[{"href":"https:\/\/www.ilmercoledi.news\/ilmercoledi\/news\/wp-json\/wp\/v2\/types\/post"}],"author":[{"embeddable":true,"href":"https:\/\/www.ilmercoledi.news\/ilmercoledi\/news\/wp-json\/wp\/v2\/users\/11"}],"replies":[{"embeddable":true,"href":"https:\/\/www.ilmercoledi.news\/ilmercoledi\/news\/wp-json\/wp\/v2\/comments?post=43095"}],"version-history":[{"count":0,"href":"https:\/\/www.ilmercoledi.news\/ilmercoledi\/news\/wp-json\/wp\/v2\/posts\/43095\/revisions"}],"wp:featuredmedia":[{"embeddable":true,"href":"https:\/\/www.ilmercoledi.news\/ilmercoledi\/news\/wp-json\/wp\/v2\/media\/11451"}],"wp:attachment":[{"href":"https:\/\/www.ilmercoledi.news\/ilmercoledi\/news\/wp-json\/wp\/v2\/media?parent=43095"}],"wp:term":[{"taxonomy":"category","embeddable":true,"href":"https:\/\/www.ilmercoledi.news\/ilmercoledi\/news\/wp-json\/wp\/v2\/categories?post=43095"},{"taxonomy":"post_tag","embeddable":true,"href":"https:\/\/www.ilmercoledi.news\/ilmercoledi\/news\/wp-json\/wp\/v2\/tags?post=43095"},{"taxonomy":"news-destination","embeddable":true,"href":"https:\/\/www.ilmercoledi.news\/ilmercoledi\/news\/wp-json\/wp\/v2\/news-destination?post=43095"},{"taxonomy":"news-source","embeddable":true,"href":"https:\/\/www.ilmercoledi.news\/ilmercoledi\/news\/wp-json\/wp\/v2\/news-source?post=43095"},{"taxonomy":"is_homepage","embeddable":true,"href":"https:\/\/www.ilmercoledi.news\/ilmercoledi\/news\/wp-json\/wp\/v2\/is_homepage?post=43095"},{"taxonomy":"ta_other","embeddable":true,"href":"https:\/\/www.ilmercoledi.news\/ilmercoledi\/news\/wp-json\/wp\/v2\/ta_other?post=43095"}],"curies":[{"name":"wp","href":"https:\/\/api.w.org\/{rel}","templated":true}]}}