{"id":43105,"date":"2021-09-28T07:06:46","date_gmt":"2021-09-28T05:06:46","guid":{"rendered":"https:\/\/euwps02.newsmemory.com\/ilmercoledi\/news\/?p=43105"},"modified":"2021-09-28T07:24:25","modified_gmt":"2021-09-28T05:24:25","slug":"covid-saranno-convocati-gli-over-60-che-non-hanno-ancora-aderito-alla-vaccinazione","status":"publish","type":"post","link":"https:\/\/www.ilmercoledi.news\/2021\/09\/28\/covid-saranno-convocati-gli-over-60-che-non-hanno-ancora-aderito-alla-vaccinazione\/","title":{"rendered":"COVID &#8211; Saranno convocati gli over 60 che non hanno ancora aderito alla vaccinazione"},"content":{"rendered":"<p>Nella consueta riunione del luned\u00ec dell\u2019Unit\u00e0 di Crisi, alla presenza del presidente della Regione, si \u00e8 nuovamente affrontato il tema degli over60 non ancora vaccinati. Al momento, su una popolazione di oltre 1,4 milioni rientranti in questa classe di et\u00e0 ha gi\u00e0 aderito il 90% e di questi oltre il 95% ha gi\u00e0 completato il ciclo vaccinale. Ne mancano quindi all\u2019appello ancora 158.000, inclusi 6.000 che hanno contratto il Covid negli ultimi 6 mesi.<\/p>\n<p>Come ulteriore tentativo per convincere gli indecisi, la Regione ha dato indicazione alle Asl di inviare a ciascuno di loro una lettera a casa, con una prenotazione (data, ora e luogo) per essere vaccinati, specificando che, pur non esistendo un obbligo, la vaccinazione rappresenta uno strumento di prevenzione fondamentale. Lo confermano i dati sui ricoveri in terapia intensiva, che attualmente in Piemonte interessano per il 74% persone non vaccinate.<\/p>\n<p>L\u2019iniziativa, spiegano il presidente e l\u2019assessore alla Sanit\u00e0, va ad aggiungersi alle altre che la Regione ha gi\u00e0 messo in campo negli ultimi mesi (dagli accessi diretti alla scelta del vaccino) per ampliare il pi\u00f9 possibile la platea degli over60, la pi\u00f9 esposta alle forme gravi della malattia.<\/p>\n","protected":false},"excerpt":{"rendered":"","protected":false},"author":11,"featured_media":41180,"comment_status":"open","ping_status":"closed","sticky":false,"template":"","format":"standard","meta":[],"categories":[34],"tags":[],"news-destination":[],"news-source":[],"is_homepage":[],"ta_other":[],"_links":{"self":[{"href":"https:\/\/www.ilmercoledi.news\/ilmercoledi\/news\/wp-json\/wp\/v2\/posts\/43105"}],"collection":[{"href":"https:\/\/www.ilmercoledi.news\/ilmercoledi\/news\/wp-json\/wp\/v2\/posts"}],"about":[{"href":"https:\/\/www.ilmercoledi.news\/ilmercoledi\/news\/wp-json\/wp\/v2\/types\/post"}],"author":[{"embeddable":true,"href":"https:\/\/www.ilmercoledi.news\/ilmercoledi\/news\/wp-json\/wp\/v2\/users\/11"}],"replies":[{"embeddable":true,"href":"https:\/\/www.ilmercoledi.news\/ilmercoledi\/news\/wp-json\/wp\/v2\/comments?post=43105"}],"version-history":[{"count":1,"href":"https:\/\/www.ilmercoledi.news\/ilmercoledi\/news\/wp-json\/wp\/v2\/posts\/43105\/revisions"}],"predecessor-version":[{"id":43113,"href":"https:\/\/www.ilmercoledi.news\/ilmercoledi\/news\/wp-json\/wp\/v2\/posts\/43105\/revisions\/43113"}],"wp:featuredmedia":[{"embeddable":true,"href":"https:\/\/www.ilmercoledi.news\/ilmercoledi\/news\/wp-json\/wp\/v2\/media\/41180"}],"wp:attachment":[{"href":"https:\/\/www.ilmercoledi.news\/ilmercoledi\/news\/wp-json\/wp\/v2\/media?parent=43105"}],"wp:term":[{"taxonomy":"category","embeddable":true,"href":"https:\/\/www.ilmercoledi.news\/ilmercoledi\/news\/wp-json\/wp\/v2\/categories?post=43105"},{"taxonomy":"post_tag","embeddable":true,"href":"https:\/\/www.ilmercoledi.news\/ilmercoledi\/news\/wp-json\/wp\/v2\/tags?post=43105"},{"taxonomy":"news-destination","embeddable":true,"href":"https:\/\/www.ilmercoledi.news\/ilmercoledi\/news\/wp-json\/wp\/v2\/news-destination?post=43105"},{"taxonomy":"news-source","embeddable":true,"href":"https:\/\/www.ilmercoledi.news\/ilmercoledi\/news\/wp-json\/wp\/v2\/news-source?post=43105"},{"taxonomy":"is_homepage","embeddable":true,"href":"https:\/\/www.ilmercoledi.news\/ilmercoledi\/news\/wp-json\/wp\/v2\/is_homepage?post=43105"},{"taxonomy":"ta_other","embeddable":true,"href":"https:\/\/www.ilmercoledi.news\/ilmercoledi\/news\/wp-json\/wp\/v2\/ta_other?post=43105"}],"curies":[{"name":"wp","href":"https:\/\/api.w.org\/{rel}","templated":true}]}}