{"id":43295,"date":"2021-10-06T07:02:12","date_gmt":"2021-10-06T05:02:12","guid":{"rendered":"https:\/\/euwps02.newsmemory.com\/ilmercoledi\/news\/?p=43295"},"modified":"2021-10-06T07:22:31","modified_gmt":"2021-10-06T05:22:31","slug":"sanita-definito-il-piano-vaccinale-anti-influenzale","status":"publish","type":"post","link":"https:\/\/www.ilmercoledi.news\/2021\/10\/06\/sanita-definito-il-piano-vaccinale-anti-influenzale\/","title":{"rendered":"SANITA&#8217; &#8211; Definito il piano vaccinale anti influenzale"},"content":{"rendered":"<p>Ieri il presidente della Regione e l\u2019assessore alla Sanit\u00e0, con i vertici dell\u2019Assessorato, hanno incontrato i rappresentanti dei medici di famiglia (Fimmg, Smi e Snami) per definire l\u2019avvio della campagna vaccinale antinfluenzale, che partir\u00e0 a met\u00e0 ottobre e verr\u00e0 presentata la prossima settimana in modo ufficiale.<\/p>\n<p>Si partir\u00e0 dagli over85 attraverso il supporto dei medici di medicina generale, grazie alla consegna del primo lotto dei cinque acquistati dalla Regione Piemonte, per un totale di circa 1,1 milioni di vaccini antinfluenzali. Sar\u00e0 possibile garantire nella stessa seduta in modo combinato anche la vaccinazione anticovid con Pfizer o Moderna, al momento sempre per gli over85. La campagna poi proceder\u00e0 secondo classi di et\u00e0 e vulnerabilit\u00e0. Da met\u00e0 ottobre i medici di famiglia potranno somministrare Pfizer e Moderna a tutte le fasce d\u2019et\u00e0 consentite e in base alle indicazioni del Piano nazionale, anche indipendentemente dal vaccino antinfluenzale.<\/p>\n<p>La vaccinazione anti-Covid continuer\u00e0 a procedere in parallelo anche negli hub insicati dalle aziende sanitarie locali.<\/p>\n","protected":false},"excerpt":{"rendered":"","protected":false},"author":11,"featured_media":2700,"comment_status":"open","ping_status":"closed","sticky":false,"template":"","format":"standard","meta":[],"categories":[34],"tags":[],"news-destination":[],"news-source":[],"is_homepage":[],"ta_other":[],"_links":{"self":[{"href":"https:\/\/www.ilmercoledi.news\/ilmercoledi\/news\/wp-json\/wp\/v2\/posts\/43295"}],"collection":[{"href":"https:\/\/www.ilmercoledi.news\/ilmercoledi\/news\/wp-json\/wp\/v2\/posts"}],"about":[{"href":"https:\/\/www.ilmercoledi.news\/ilmercoledi\/news\/wp-json\/wp\/v2\/types\/post"}],"author":[{"embeddable":true,"href":"https:\/\/www.ilmercoledi.news\/ilmercoledi\/news\/wp-json\/wp\/v2\/users\/11"}],"replies":[{"embeddable":true,"href":"https:\/\/www.ilmercoledi.news\/ilmercoledi\/news\/wp-json\/wp\/v2\/comments?post=43295"}],"version-history":[{"count":1,"href":"https:\/\/www.ilmercoledi.news\/ilmercoledi\/news\/wp-json\/wp\/v2\/posts\/43295\/revisions"}],"predecessor-version":[{"id":43297,"href":"https:\/\/www.ilmercoledi.news\/ilmercoledi\/news\/wp-json\/wp\/v2\/posts\/43295\/revisions\/43297"}],"wp:featuredmedia":[{"embeddable":true,"href":"https:\/\/www.ilmercoledi.news\/ilmercoledi\/news\/wp-json\/wp\/v2\/media\/2700"}],"wp:attachment":[{"href":"https:\/\/www.ilmercoledi.news\/ilmercoledi\/news\/wp-json\/wp\/v2\/media?parent=43295"}],"wp:term":[{"taxonomy":"category","embeddable":true,"href":"https:\/\/www.ilmercoledi.news\/ilmercoledi\/news\/wp-json\/wp\/v2\/categories?post=43295"},{"taxonomy":"post_tag","embeddable":true,"href":"https:\/\/www.ilmercoledi.news\/ilmercoledi\/news\/wp-json\/wp\/v2\/tags?post=43295"},{"taxonomy":"news-destination","embeddable":true,"href":"https:\/\/www.ilmercoledi.news\/ilmercoledi\/news\/wp-json\/wp\/v2\/news-destination?post=43295"},{"taxonomy":"news-source","embeddable":true,"href":"https:\/\/www.ilmercoledi.news\/ilmercoledi\/news\/wp-json\/wp\/v2\/news-source?post=43295"},{"taxonomy":"is_homepage","embeddable":true,"href":"https:\/\/www.ilmercoledi.news\/ilmercoledi\/news\/wp-json\/wp\/v2\/is_homepage?post=43295"},{"taxonomy":"ta_other","embeddable":true,"href":"https:\/\/www.ilmercoledi.news\/ilmercoledi\/news\/wp-json\/wp\/v2\/ta_other?post=43295"}],"curies":[{"name":"wp","href":"https:\/\/api.w.org\/{rel}","templated":true}]}}