{"id":43460,"date":"2021-10-14T16:06:29","date_gmt":"2021-10-14T14:06:29","guid":{"rendered":"https:\/\/euwps02.newsmemory.com\/ilmercoledi\/news\/?p=43460"},"modified":"2021-10-14T16:07:19","modified_gmt":"2021-10-14T14:07:19","slug":"green-pass-la-regione-conferma-da-domani-disagi-ad-autobus-e-treni","status":"publish","type":"post","link":"https:\/\/www.ilmercoledi.news\/2021\/10\/14\/green-pass-la-regione-conferma-da-domani-disagi-ad-autobus-e-treni\/","title":{"rendered":"GREEN PASS &#8211; La Regione conferma: da domani disagi ad autobus e treni"},"content":{"rendered":"<p>\u00c8 confermata la possibilit\u00e0 di disagi sui mezzi pubblici legati all\u2019obbligo di green pass per gli autisti in vigore da domani 15 ottobre, ma sar\u00e0 circoscritta e definita con maggior precisione solo dopo i primi giorni di servizio. Lo rileva la ricognizione condotta dall\u2019Assessorato ai Trasporti della Regione Piemonte sulle aziende che prestano servizio di trasporto pubblico locale nella regione.<\/p>\n<p>Alla richiesta dell\u2019Assessore regionale ai Trasporti rispetto alle corse che domani potrebbero essere soppresse per mancanza di autisti muniti di green pass le aziende hanno infatti risposto segnalando, laddove possibile, quali siano le loro previsioni di disservizio. Ne emerge un quadro a macchia di leopardo, con criticit\u00e0 certamente presenti, ma non diffuse in maniera omogenea sul territorio regionale; si invitano perci\u00f2 gli utenti a verificare orari e linee con il proprio operatore di servizio tpl prima di raggiungere fermate e stazioni.<\/p>\n<p>Le difficolt\u00e0 maggiori si riscontrano soprattutto nei grandi operatori, GTT e Trenitalia: in particolare, GTT, che, oltre alla metro gestisce circa 200 linee, con pi\u00f9 di 1.200 mezzi tra autobus, tram e treni con oltre 1800 conducenti a Torino e area metropolitana, segnala che, dai dati in suo possesso, in questo momento \u00e8 stimabile una percentuale di assenze complessive tra il 10 e il 15%. Le criticit\u00e0 del servizio saranno gestite dando priorit\u00e0 alle corse pi\u00f9 frequentate, a partire da quelle in orario scolastico e di ingresso\/uscita dal lavoro. Il servizio verr\u00e0 riprogrammato con aumenti degli intervalli sulle linee meno utilizzate con l\u2019obiettivo di non togliere linee n\u00e9 saltare corse all&#8217;ultimo momento. Trenitalia conferma che \u00e8 stato predisposto un piano di intervento da attivare in caso di necessit\u00e0, ricorrendo, ad esempio, a servizi sostitutivi pronti ad intervenire a supporto del servizio ferroviario; sono 27 in tutto i treni che subiranno una sospensione.<\/p>\n","protected":false},"excerpt":{"rendered":"","protected":false},"author":11,"featured_media":30665,"comment_status":"open","ping_status":"closed","sticky":false,"template":"","format":"standard","meta":[],"categories":[34],"tags":[],"news-destination":[],"news-source":[],"is_homepage":[],"ta_other":[],"_links":{"self":[{"href":"https:\/\/www.ilmercoledi.news\/ilmercoledi\/news\/wp-json\/wp\/v2\/posts\/43460"}],"collection":[{"href":"https:\/\/www.ilmercoledi.news\/ilmercoledi\/news\/wp-json\/wp\/v2\/posts"}],"about":[{"href":"https:\/\/www.ilmercoledi.news\/ilmercoledi\/news\/wp-json\/wp\/v2\/types\/post"}],"author":[{"embeddable":true,"href":"https:\/\/www.ilmercoledi.news\/ilmercoledi\/news\/wp-json\/wp\/v2\/users\/11"}],"replies":[{"embeddable":true,"href":"https:\/\/www.ilmercoledi.news\/ilmercoledi\/news\/wp-json\/wp\/v2\/comments?post=43460"}],"version-history":[{"count":0,"href":"https:\/\/www.ilmercoledi.news\/ilmercoledi\/news\/wp-json\/wp\/v2\/posts\/43460\/revisions"}],"wp:featuredmedia":[{"embeddable":true,"href":"https:\/\/www.ilmercoledi.news\/ilmercoledi\/news\/wp-json\/wp\/v2\/media\/30665"}],"wp:attachment":[{"href":"https:\/\/www.ilmercoledi.news\/ilmercoledi\/news\/wp-json\/wp\/v2\/media?parent=43460"}],"wp:term":[{"taxonomy":"category","embeddable":true,"href":"https:\/\/www.ilmercoledi.news\/ilmercoledi\/news\/wp-json\/wp\/v2\/categories?post=43460"},{"taxonomy":"post_tag","embeddable":true,"href":"https:\/\/www.ilmercoledi.news\/ilmercoledi\/news\/wp-json\/wp\/v2\/tags?post=43460"},{"taxonomy":"news-destination","embeddable":true,"href":"https:\/\/www.ilmercoledi.news\/ilmercoledi\/news\/wp-json\/wp\/v2\/news-destination?post=43460"},{"taxonomy":"news-source","embeddable":true,"href":"https:\/\/www.ilmercoledi.news\/ilmercoledi\/news\/wp-json\/wp\/v2\/news-source?post=43460"},{"taxonomy":"is_homepage","embeddable":true,"href":"https:\/\/www.ilmercoledi.news\/ilmercoledi\/news\/wp-json\/wp\/v2\/is_homepage?post=43460"},{"taxonomy":"ta_other","embeddable":true,"href":"https:\/\/www.ilmercoledi.news\/ilmercoledi\/news\/wp-json\/wp\/v2\/ta_other?post=43460"}],"curies":[{"name":"wp","href":"https:\/\/api.w.org\/{rel}","templated":true}]}}