{"id":4362,"date":"2018-03-30T10:57:37","date_gmt":"2018-03-30T08:57:37","guid":{"rendered":"http:\/\/euwps02.tecnavia.com\/ilmercoledi\/news\/?p=4362"},"modified":"2018-03-30T10:57:38","modified_gmt":"2018-03-30T08:57:38","slug":"moncalieri-ricciarelli-affascina-gli-ospiti-del-concerto-al-castello","status":"publish","type":"post","link":"https:\/\/www.ilmercoledi.news\/2018\/03\/30\/moncalieri-ricciarelli-affascina-gli-ospiti-del-concerto-al-castello\/","title":{"rendered":"Moncalieri, Ricciarelli affascina gli ospiti del concerto al castello"},"content":{"rendered":"<p><img alt=\"Moncalieri, Ricciarelli affascina gli ospiti del concerto al castello\" title=\"Moncalieri, Ricciarelli affascina gli ospiti del concerto al castello\" loading=\"lazy\" class=\"size-medium wp-image-4363\" src=\"https:\/\/www.ilmercoledi.news\/ilmercoledi\/news\/wp-content\/uploads\/sites\/3\/2018\/03\/Ricciareli-premiata-al-Castello-300x178.jpg\" alt=\"\" width=\"300\" height=\"178\" srcset=\"https:\/\/euwps05.newsmemory.com\/ilmercoledi\/news\/wp-content\/uploads\/sites\/3\/2018\/03\/Ricciareli-premiata-al-Castello-300x178.jpg 300w, https:\/\/euwps05.newsmemory.com\/ilmercoledi\/news\/wp-content\/uploads\/sites\/3\/2018\/03\/Ricciareli-premiata-al-Castello-768x455.jpg 768w, https:\/\/euwps05.newsmemory.com\/ilmercoledi\/news\/wp-content\/uploads\/sites\/3\/2018\/03\/Ricciareli-premiata-al-Castello-1024x607.jpg 1024w, https:\/\/euwps05.newsmemory.com\/ilmercoledi\/news\/wp-content\/uploads\/sites\/3\/2018\/03\/Ricciareli-premiata-al-Castello-750x445.jpg 750w\" sizes=\"(max-width: 300px) 100vw, 300px\" \/><\/p>\n<p>Serata di grande musica al castello di Moncalieri quella che giovedi \u00e8 stata offerta dal Comandante del Reggimento Carabinieri Piemonte, colonnello Cristiano Desideri, ad un raffinato e selezionato pubblico di ospiti, composto dai vertici dell\u2019Arma e da importanti personalit\u00e0 della societ\u00e0 civile.<\/p>\n<p>Assoluta protagonista\u00a0 \u00e8 stata il soprano Katia Ricciarelli, che oltre ad essere ospite del concerto \u201cNote di primavera\u201d, proposto dall\u2019Accademia Discanto di Verona,\u00a0 ha interpretato da par suo un paio di brani, tra i quali <em>\u201cCore \u2018n grato\u201d<\/em>, eseguito con il giovane e talentuoso baritono coreano Bongjung Kim. Il folto pubblico, che ha gremito la Sala della Regina, ha ricambiato l&#8217;esibizione con un\u2019autentica ovazione.<\/p>\n<p>Dopo i saluti di benvenuto rivolti dal padrone di casa, il colonnello Desideri, il concerto \u00e8 iniziato con \u201c<em>Toreador song\u201d<\/em> dalla Carmen di Bizet, interpretato\u00a0 dal baritono coreano, in un crescendo di intense emozioni. Il programma ha poi proposto la Sonata op.58 n.3 di Chopin, eseguita al pianoforte da Giulio De Padova e si \u00e8 concluso con Bongjung Kim, accompagnato al pianoforte dal maestro Alberto Magagni, che ha cantato <em>\u201cNemico della patria\u201d<\/em> di Giordano.<\/p>\n<p>Poi la scena \u00e8 stata tutta per Katia Ricciarelli che, oltre alle doti artistiche universalmente riconosciute, ha manifestato la sua sua estroversa ed esuberante umanit\u00e0 intrattenendosi con i presenti, tra un delicato canap\u00e8, un gustoso risotto, o un goloso bign\u00e8, nel raffinato vin d\u2019honneur che ha suggellato una manifestazione piena di contenuti di stile e ricca di charme.<\/p>\n","protected":false},"excerpt":{"rendered":"","protected":false},"author":6,"featured_media":4364,"comment_status":"open","ping_status":"closed","sticky":false,"template":"","format":"standard","meta":[],"categories":[9],"tags":[110,122,120,123],"news-destination":[],"news-source":[],"is_homepage":[],"ta_other":[],"_links":{"self":[{"href":"https:\/\/www.ilmercoledi.news\/ilmercoledi\/news\/wp-json\/wp\/v2\/posts\/4362"}],"collection":[{"href":"https:\/\/www.ilmercoledi.news\/ilmercoledi\/news\/wp-json\/wp\/v2\/posts"}],"about":[{"href":"https:\/\/www.ilmercoledi.news\/ilmercoledi\/news\/wp-json\/wp\/v2\/types\/post"}],"author":[{"embeddable":true,"href":"https:\/\/www.ilmercoledi.news\/ilmercoledi\/news\/wp-json\/wp\/v2\/users\/6"}],"replies":[{"embeddable":true,"href":"https:\/\/www.ilmercoledi.news\/ilmercoledi\/news\/wp-json\/wp\/v2\/comments?post=4362"}],"version-history":[{"count":3,"href":"https:\/\/www.ilmercoledi.news\/ilmercoledi\/news\/wp-json\/wp\/v2\/posts\/4362\/revisions"}],"predecessor-version":[{"id":4367,"href":"https:\/\/www.ilmercoledi.news\/ilmercoledi\/news\/wp-json\/wp\/v2\/posts\/4362\/revisions\/4367"}],"wp:featuredmedia":[{"embeddable":true,"href":"https:\/\/www.ilmercoledi.news\/ilmercoledi\/news\/wp-json\/wp\/v2\/media\/4364"}],"wp:attachment":[{"href":"https:\/\/www.ilmercoledi.news\/ilmercoledi\/news\/wp-json\/wp\/v2\/media?parent=4362"}],"wp:term":[{"taxonomy":"category","embeddable":true,"href":"https:\/\/www.ilmercoledi.news\/ilmercoledi\/news\/wp-json\/wp\/v2\/categories?post=4362"},{"taxonomy":"post_tag","embeddable":true,"href":"https:\/\/www.ilmercoledi.news\/ilmercoledi\/news\/wp-json\/wp\/v2\/tags?post=4362"},{"taxonomy":"news-destination","embeddable":true,"href":"https:\/\/www.ilmercoledi.news\/ilmercoledi\/news\/wp-json\/wp\/v2\/news-destination?post=4362"},{"taxonomy":"news-source","embeddable":true,"href":"https:\/\/www.ilmercoledi.news\/ilmercoledi\/news\/wp-json\/wp\/v2\/news-source?post=4362"},{"taxonomy":"is_homepage","embeddable":true,"href":"https:\/\/www.ilmercoledi.news\/ilmercoledi\/news\/wp-json\/wp\/v2\/is_homepage?post=4362"},{"taxonomy":"ta_other","embeddable":true,"href":"https:\/\/www.ilmercoledi.news\/ilmercoledi\/news\/wp-json\/wp\/v2\/ta_other?post=4362"}],"curies":[{"name":"wp","href":"https:\/\/api.w.org\/{rel}","templated":true}]}}