{"id":43926,"date":"2021-11-10T15:02:34","date_gmt":"2021-11-10T14:02:34","guid":{"rendered":"https:\/\/euwps02.newsmemory.com\/ilmercoledi\/news\/?p=43926"},"modified":"2021-11-10T15:04:08","modified_gmt":"2021-11-10T14:04:08","slug":"nichelino-a-stupinigi-per-le-atp-finals-si-espone-il-quadro-dei-savoia-con-la-racchetta","status":"publish","type":"post","link":"https:\/\/www.ilmercoledi.news\/2021\/11\/10\/nichelino-a-stupinigi-per-le-atp-finals-si-espone-il-quadro-dei-savoia-con-la-racchetta\/","title":{"rendered":"NICHELINO &#8211; A Stupinigi per le Atp Finals si espone il quadro dei Savoia con la racchetta"},"content":{"rendered":"<p>Per le ATP Finals la Palazzina di Caccia di Stupinigi espone il Ritratto di Francesco Giacinto e Carlo Emanuele II di Savoia con la racchetta in primo piano, uno dei rari casi che documenta l&#8217;importanza del gioco nella formazione dei piccoli principi<\/p>\n<p>Il gioco della pallacorda (<i>jeu de paume<\/i>\u00a0in Francia), antenato del tennis, viene adottato presso le corti europee nei primi passi della formazione dei piccoli principi. L\u2019esercizio corporale \u00e8 infatti ritenuto fondamentale per la costruzione del valore militare e le attivit\u00e0 atletiche, tra cui i giochi con la palla, si affiancano ai tradizionali apprendimenti dell\u2019arte equestre e del maneggio delle armi. L&#8217;uso della palla ha un doppio valore pedagogico: \u00e8 esercizio fisico per la sanit\u00e0 del corpo unito alla prontezza della mente (destrezza) ed \u00e8 anche svago lecito sotto il profilo morale perch\u00e9 insegna ad elaborare strategie e a rispettare le regole.<\/p>\n<p>Il ritratto, che verr\u00e0\u00a0esposto in occasione delle ATP Finals dal 12 al 21 novembre negli ambienti della Biblioteca della Palazzina di Caccia di Stupinigi, \u00e8 uno dei rari casi in cui viene documentato il ruolo del gioco d&#8217;azione nel procedimento pedagogico.<\/p>\n<p>Il dipinto ritrae due dei figli del duca Vittorio Amedeo I di Savoia e di Cristina di Francia: Francesco Giacinto, nato nel 1632 e morto nel 1638 e il fratello minore Carlo Emanuele, nato nel 1634. I due bambini posano accanto a un seggiolone rosso e mostrano i loro passatempi preferiti: il pi\u00f9 grande una pallina e racchetta da pallacorda, che si pu\u00f2 considerare l\u2019antenata del tennis, e il pi\u00f9 giovane un uccellino legato con una cordicella. La racchetta cordata non \u00e8 solo un giocattolo, ma \u00e8 uno strumento da impiegare per l&#8217;apprendimento di gesti che gioveranno al coordinamento dei movimenti e alla destrezza del tiro.<\/p>\n","protected":false},"excerpt":{"rendered":"","protected":false},"author":11,"featured_media":43925,"comment_status":"open","ping_status":"closed","sticky":false,"template":"","format":"standard","meta":[],"categories":[34],"tags":[],"news-destination":[],"news-source":[],"is_homepage":[],"ta_other":[],"_links":{"self":[{"href":"https:\/\/www.ilmercoledi.news\/ilmercoledi\/news\/wp-json\/wp\/v2\/posts\/43926"}],"collection":[{"href":"https:\/\/www.ilmercoledi.news\/ilmercoledi\/news\/wp-json\/wp\/v2\/posts"}],"about":[{"href":"https:\/\/www.ilmercoledi.news\/ilmercoledi\/news\/wp-json\/wp\/v2\/types\/post"}],"author":[{"embeddable":true,"href":"https:\/\/www.ilmercoledi.news\/ilmercoledi\/news\/wp-json\/wp\/v2\/users\/11"}],"replies":[{"embeddable":true,"href":"https:\/\/www.ilmercoledi.news\/ilmercoledi\/news\/wp-json\/wp\/v2\/comments?post=43926"}],"version-history":[{"count":0,"href":"https:\/\/www.ilmercoledi.news\/ilmercoledi\/news\/wp-json\/wp\/v2\/posts\/43926\/revisions"}],"wp:featuredmedia":[{"embeddable":true,"href":"https:\/\/www.ilmercoledi.news\/ilmercoledi\/news\/wp-json\/wp\/v2\/media\/43925"}],"wp:attachment":[{"href":"https:\/\/www.ilmercoledi.news\/ilmercoledi\/news\/wp-json\/wp\/v2\/media?parent=43926"}],"wp:term":[{"taxonomy":"category","embeddable":true,"href":"https:\/\/www.ilmercoledi.news\/ilmercoledi\/news\/wp-json\/wp\/v2\/categories?post=43926"},{"taxonomy":"post_tag","embeddable":true,"href":"https:\/\/www.ilmercoledi.news\/ilmercoledi\/news\/wp-json\/wp\/v2\/tags?post=43926"},{"taxonomy":"news-destination","embeddable":true,"href":"https:\/\/www.ilmercoledi.news\/ilmercoledi\/news\/wp-json\/wp\/v2\/news-destination?post=43926"},{"taxonomy":"news-source","embeddable":true,"href":"https:\/\/www.ilmercoledi.news\/ilmercoledi\/news\/wp-json\/wp\/v2\/news-source?post=43926"},{"taxonomy":"is_homepage","embeddable":true,"href":"https:\/\/www.ilmercoledi.news\/ilmercoledi\/news\/wp-json\/wp\/v2\/is_homepage?post=43926"},{"taxonomy":"ta_other","embeddable":true,"href":"https:\/\/www.ilmercoledi.news\/ilmercoledi\/news\/wp-json\/wp\/v2\/ta_other?post=43926"}],"curies":[{"name":"wp","href":"https:\/\/api.w.org\/{rel}","templated":true}]}}