{"id":44142,"date":"2021-11-24T14:24:42","date_gmt":"2021-11-24T13:24:42","guid":{"rendered":"https:\/\/euwps02.newsmemory.com\/ilmercoledi\/news\/?p=44142"},"modified":"2021-11-24T14:26:15","modified_gmt":"2021-11-24T13:26:15","slug":"carmagnola-il-comune-aderisce-alla-settimana-dellaria-pulita","status":"publish","type":"post","link":"https:\/\/www.ilmercoledi.news\/2021\/11\/24\/carmagnola-il-comune-aderisce-alla-settimana-dellaria-pulita\/","title":{"rendered":"CARMAGNOLA &#8211; Il Comune aderisce alla settimana dell&#8217;aria pulita"},"content":{"rendered":"<p style=\"margin: 0px\" align=\"justify\">Il\u00a0Comune di Carmagnola ha aderito alla Settimana dell\u2019Aria Pulita\u00a02021 promossa dalla Regione Piemonte, nell\u2019ambito del Progetto &#8220;PrepAIR&#8221; &#8211; Po Regions Engaged to Policies of AIR\u201d.\u00a0L\u2019iniziativa ha lo scopo di sensibilizzare il pubblico rispetto alla necessit\u00e0 di miglirare la qualit\u00e0 dell\u2019aria del Bacino padano. Cittadini, enti ed associazioni sono invitati a mettere in luce le piccole e grandi scelte quotidiane che possono fare la differenza per avere un\u2019aria pi\u00f9 pulita.<\/p>\n<p style=\"font-weight: normal;margin: 0px\" align=\"justify\">Quali buone pratiche si possono adottare nel quotidiano per migliorare la qualit\u00e0 dell\u2019aria?<\/p>\n<p style=\"font-weight: normal;margin: 0px\" align=\"justify\">&#8211; Spostati a piedi, in bicicletta o con i mezzi pubblici al posto dell\u2019auto;<\/p>\n<p style=\"font-weight: normal;margin: 0px\" align=\"justify\">&#8211; Abbassa di un grado il termostato, installa le valvole termostatiche e fai controllare la caldaia<\/p>\n<p style=\"font-weight: normal;margin: 0px\" align=\"justify\">&#8211; Spegni gli apparecchi elettrici se non utilizzati e prima di uscire<\/p>\n<p style=\"margin: 0px\" align=\"justify\">&#8211;\u00a0Non lasciare l\u2019auto accesa in sosta<\/p>\n<p style=\"font-weight: normal;margin: 0px\" align=\"justify\">&#8211; Acquista prodotti senza imballaggi<\/p>\n<p style=\"font-weight: normal;margin: 0px\" align=\"justify\">&#8211; Pianta un albero e riempi di verde la tua casa<\/p>\n<p style=\"margin: 0px\" align=\"justify\">Il\u00a0Comune\u00a0di Carmagnola\u00a0propone e\u00a0valorizzare\u00a0una serie di azioni ed eventi\u00a0intrapresi nel corso degli anni\u00a0sulle tematiche della tutela dell\u2019ambiente e della qualit\u00e0 dell\u2019aria, quali le ZTL scolastiche, la promozione della mobilit\u00e0 sostenibile, la piantumazione di piante in vari punti del territorio e la realizzazione di un Bosco urbano.<\/p>\n<p style=\"margin: 0px\" align=\"justify\">Particolarmente importanti sotto questo profilo le\u00a0seguenti\u00a0iniziative,\u00a0ormai consolidate:<\/p>\n<p style=\"margin: 0px\" align=\"justify\">&#8211;\u00a0<b>A SCUOLA CAMMINANDO:<\/b>\u00a0iniziativa\u00a0che\u00a0si colloca tra gli interventi attuati dall\u2019Amministrazione comunale sui temi della qualit\u00e0 della vita e della mobilit\u00e0 sostenibile, che vede in particolare coinvolta la viabilit\u00e0 attorno ai plessi scolastici per una maggiore tutela della salute e della sicurezza, nonch\u00e9\u00a0per la\u00a0riduzione dell\u2019inquinamento atmosferico prodotto dal traffico veicolare.<\/p>\n<p style=\"font-weight: normal;margin: 0px\" align=\"justify\">L\u2019iniziativa d\u00e0 anche attuazione ad un Protocollo d\u2019intesa con la Citt\u00e0 metropolitana di Torino e al processo provinciale di Agenda 21.<\/p>\n<p style=\"margin: 0px\" align=\"justify\">Nata nel 2005 e ormai resa permanente, \u201cA scuola camminando\u201d\u00a0\u00e8 finalizzata a diffondere ed incentivare i percorsi sicuri casa-scuola\u00a0per i\u00a0ragazzi, a piedi o in bici,\u00a0con l\u2019istituzione di\u00a0ZTL temporanee della durata di 30 minuti\u00a0intorno ai plessi scolastici\u00a0per consentire agli studenti\u00a0l\u2019accesso e l\u2019uscita da scuola in sicurezza e senza\u00a0la presenza delle auto.<\/p>\n<p style=\"margin: 0px\" align=\"justify\">&#8211;\u00a0<b>PROMOZIONE UTILIZZO BICICLETTA<\/b>:\u00a0nell\u2019ambito del Programma sperimentale nazionale di mobilita\u2019 sostenibile casa-scuola e casa-lavoro\u00a0il Comune ha aderito al progetto\u00a0P.A.S.C.A.L. (Percorsi partecipati scuola \u2013 casa \u2013 lavoro).\u00a0L\u2019Amministrazione ha promosso l\u2019utilizzo della bicicletta per raggiungere i plessi scolastici fornendo 35 rastrelliere alle scuole del territorio.<\/p>\n<p style=\"margin: 0px\" align=\"justify\">Sotto il profilo del verde urbano \u00e8 stata promossa la\u00a0piantumazione di una quercia nel parco cittadino in occasione della\u00a0<b>Giornata nazionale dell\u2019albero\u00a0<\/b>con la partecipazione di alcune classi e l\u2019associazione Legambiente che ha condiviso un progetto legato al riuso e alla valorizzazione del verde.<\/p>\n<p style=\"margin: 0px\" align=\"justify\">Nell\u2019ambito delle attivit\u00e0 di sostenibilit\u00e0 ambientale e di forestazione per l\u2019incremento di spazi verdi che possano favorire l\u2019adattamento ai fenomeni climatici, \u00e8 stato realizzato con la collaborazione dell\u2019associazione AZZEROCO2 un\u00a0<b>Bosco urbano<\/b>\u00a0in un\u2019area di propriet\u00e0 comunale di circa 10.000 mq.<\/p>\n<p style=\"margin: 0px\" align=\"justify\">L\u2019Assessore all\u2019Ambiente del Comune di Carmagnola, Roberto Gerbino commenta: \u201c<i>La Settimana dell\u2019Aria Pulita \u00e8 un invito a pensare cosa possiamo fare nella nostra quotidianit\u00e0 per migliorare la qualit\u00e0 dell\u2019aria che respiriamo. Come Amministrazione vogliamo proseguire nell\u2019impegno di creare una citt\u00e0 pi\u00f9 verde e dove la mobilit\u00e0\u00a0<\/i><i>dolce diventi una scelta pi\u00f9 naturale per gli spostamenti urbani. Il Comune negli anni ha avviato diverse attivit\u00e0 per il miglioramento dell\u2019aria ma tutti i cittadini possono contribuire con le scelte quotidiane<\/i>\u201d.<\/p>\n","protected":false},"excerpt":{"rendered":"","protected":false},"author":11,"featured_media":4293,"comment_status":"open","ping_status":"closed","sticky":false,"template":"","format":"standard","meta":[],"categories":[34],"tags":[],"news-destination":[],"news-source":[],"is_homepage":[],"ta_other":[],"_links":{"self":[{"href":"https:\/\/www.ilmercoledi.news\/ilmercoledi\/news\/wp-json\/wp\/v2\/posts\/44142"}],"collection":[{"href":"https:\/\/www.ilmercoledi.news\/ilmercoledi\/news\/wp-json\/wp\/v2\/posts"}],"about":[{"href":"https:\/\/www.ilmercoledi.news\/ilmercoledi\/news\/wp-json\/wp\/v2\/types\/post"}],"author":[{"embeddable":true,"href":"https:\/\/www.ilmercoledi.news\/ilmercoledi\/news\/wp-json\/wp\/v2\/users\/11"}],"replies":[{"embeddable":true,"href":"https:\/\/www.ilmercoledi.news\/ilmercoledi\/news\/wp-json\/wp\/v2\/comments?post=44142"}],"version-history":[{"count":0,"href":"https:\/\/www.ilmercoledi.news\/ilmercoledi\/news\/wp-json\/wp\/v2\/posts\/44142\/revisions"}],"wp:featuredmedia":[{"embeddable":true,"href":"https:\/\/www.ilmercoledi.news\/ilmercoledi\/news\/wp-json\/wp\/v2\/media\/4293"}],"wp:attachment":[{"href":"https:\/\/www.ilmercoledi.news\/ilmercoledi\/news\/wp-json\/wp\/v2\/media?parent=44142"}],"wp:term":[{"taxonomy":"category","embeddable":true,"href":"https:\/\/www.ilmercoledi.news\/ilmercoledi\/news\/wp-json\/wp\/v2\/categories?post=44142"},{"taxonomy":"post_tag","embeddable":true,"href":"https:\/\/www.ilmercoledi.news\/ilmercoledi\/news\/wp-json\/wp\/v2\/tags?post=44142"},{"taxonomy":"news-destination","embeddable":true,"href":"https:\/\/www.ilmercoledi.news\/ilmercoledi\/news\/wp-json\/wp\/v2\/news-destination?post=44142"},{"taxonomy":"news-source","embeddable":true,"href":"https:\/\/www.ilmercoledi.news\/ilmercoledi\/news\/wp-json\/wp\/v2\/news-source?post=44142"},{"taxonomy":"is_homepage","embeddable":true,"href":"https:\/\/www.ilmercoledi.news\/ilmercoledi\/news\/wp-json\/wp\/v2\/is_homepage?post=44142"},{"taxonomy":"ta_other","embeddable":true,"href":"https:\/\/www.ilmercoledi.news\/ilmercoledi\/news\/wp-json\/wp\/v2\/ta_other?post=44142"}],"curies":[{"name":"wp","href":"https:\/\/api.w.org\/{rel}","templated":true}]}}