{"id":44377,"date":"2021-12-07T15:28:54","date_gmt":"2021-12-07T14:28:54","guid":{"rendered":"https:\/\/euwps02.newsmemory.com\/ilmercoledi\/news\/?p=44377"},"modified":"2021-12-07T15:29:59","modified_gmt":"2021-12-07T14:29:59","slug":"trasporti-per-chi-deve-andare-a-torino-sotto-le-feste-gtt-potenzia-i-servizi","status":"publish","type":"post","link":"https:\/\/www.ilmercoledi.news\/2021\/12\/07\/trasporti-per-chi-deve-andare-a-torino-sotto-le-feste-gtt-potenzia-i-servizi\/","title":{"rendered":"TRASPORTI &#8211; Per chi deve andare a Torino sotto le Feste, Gtt potenzia i servizi"},"content":{"rendered":"<p align=\"JUSTIFY\">Nelle settimane che precedono le festivit\u00e0 natalizie, nell\u2019intera area centrale di Torino (tutte le sottozone A) la sosta a pagamento sar\u00e0 in vigore durante i giorni festivi compresi tra l&#8217;8 e il 19 dicembre 2021.<\/p>\n<p align=\"JUSTIFY\">Pertanto, come stabilito dall\u2019Amministrazione Comunale, il pagamento sar\u00e0 esteso alle giornate festive dell\u20198, 12 e 19 dicembre per agevolare la rotazione dei posti auto e migliorare la mobilit\u00e0 nella zona centrale della Citt\u00e0.<\/p>\n<p align=\"JUSTIFY\">GTT, per favorire l\u2019utilizzo del trasporto pubblico contribuendo a una mobilit\u00e0 ecologica, ha previsto per questo periodo un potenziamento delle linee 4, 8, 11, 13 bus, 17, 56, 63B e 68.<\/p>\n<p align=\"JUSTIFY\">Il servizio delle linee 8, 13 bus e 68 sar\u00e0 potenziato per tutto il giorno, sulle altre il potenziamento sar\u00e0 focalizzato nelle ore di punta perch\u00e9 gi\u00e0 programmate con passaggi ravvicinati per tutto il giorno.<\/p>\n<p align=\"JUSTIFY\">In particolare sulla linea 4, gestita con tram ad alta capienza, saranno aggiunte in servizio 4 ulteriori vetture che forniranno un incremento del 31% rispetto all\u2019abituale servizio svolto nelle ore di punta.<\/p>\n<p align=\"JUSTIFY\">Complessivamente, la programmazione prevede l\u2019inserimento di alcune decine di mezzi in pi\u00f9: un incremento dell\u2019offerta del servizio di trasporto pubblico per un utilizzo dei mezzi in sicurezza.<\/p>\n","protected":false},"excerpt":{"rendered":"","protected":false},"author":11,"featured_media":1663,"comment_status":"open","ping_status":"closed","sticky":false,"template":"","format":"standard","meta":[],"categories":[34],"tags":[],"news-destination":[],"news-source":[],"is_homepage":[],"ta_other":[],"_links":{"self":[{"href":"https:\/\/www.ilmercoledi.news\/ilmercoledi\/news\/wp-json\/wp\/v2\/posts\/44377"}],"collection":[{"href":"https:\/\/www.ilmercoledi.news\/ilmercoledi\/news\/wp-json\/wp\/v2\/posts"}],"about":[{"href":"https:\/\/www.ilmercoledi.news\/ilmercoledi\/news\/wp-json\/wp\/v2\/types\/post"}],"author":[{"embeddable":true,"href":"https:\/\/www.ilmercoledi.news\/ilmercoledi\/news\/wp-json\/wp\/v2\/users\/11"}],"replies":[{"embeddable":true,"href":"https:\/\/www.ilmercoledi.news\/ilmercoledi\/news\/wp-json\/wp\/v2\/comments?post=44377"}],"version-history":[{"count":0,"href":"https:\/\/www.ilmercoledi.news\/ilmercoledi\/news\/wp-json\/wp\/v2\/posts\/44377\/revisions"}],"wp:featuredmedia":[{"embeddable":true,"href":"https:\/\/www.ilmercoledi.news\/ilmercoledi\/news\/wp-json\/wp\/v2\/media\/1663"}],"wp:attachment":[{"href":"https:\/\/www.ilmercoledi.news\/ilmercoledi\/news\/wp-json\/wp\/v2\/media?parent=44377"}],"wp:term":[{"taxonomy":"category","embeddable":true,"href":"https:\/\/www.ilmercoledi.news\/ilmercoledi\/news\/wp-json\/wp\/v2\/categories?post=44377"},{"taxonomy":"post_tag","embeddable":true,"href":"https:\/\/www.ilmercoledi.news\/ilmercoledi\/news\/wp-json\/wp\/v2\/tags?post=44377"},{"taxonomy":"news-destination","embeddable":true,"href":"https:\/\/www.ilmercoledi.news\/ilmercoledi\/news\/wp-json\/wp\/v2\/news-destination?post=44377"},{"taxonomy":"news-source","embeddable":true,"href":"https:\/\/www.ilmercoledi.news\/ilmercoledi\/news\/wp-json\/wp\/v2\/news-source?post=44377"},{"taxonomy":"is_homepage","embeddable":true,"href":"https:\/\/www.ilmercoledi.news\/ilmercoledi\/news\/wp-json\/wp\/v2\/is_homepage?post=44377"},{"taxonomy":"ta_other","embeddable":true,"href":"https:\/\/www.ilmercoledi.news\/ilmercoledi\/news\/wp-json\/wp\/v2\/ta_other?post=44377"}],"curies":[{"name":"wp","href":"https:\/\/api.w.org\/{rel}","templated":true}]}}