{"id":44452,"date":"2021-12-13T07:19:47","date_gmt":"2021-12-13T06:19:47","guid":{"rendered":"https:\/\/euwps02.newsmemory.com\/ilmercoledi\/news\/?p=44452"},"modified":"2021-12-13T07:21:53","modified_gmt":"2021-12-13T06:21:53","slug":"cronaca-lincendio-della-fabbrica-di-beinasco-tiene-in-ansia-tutta-la-cintura","status":"publish","type":"post","link":"https:\/\/www.ilmercoledi.news\/2021\/12\/13\/cronaca-lincendio-della-fabbrica-di-beinasco-tiene-in-ansia-tutta-la-cintura\/","title":{"rendered":"CRONACA &#8211; L&#8217;incendio della fabbrica di Beinasco tiene in ansia tutta la cintura"},"content":{"rendered":"<p>Sono in corso le operazioni di spegnimento ad opera dei Vigili del Fuoco del grosso incendio divampato nel pomeriggio di ieri presso un&#8217;azienda di Beinasco che si occupa recupero di materiale plastico. Il disastro alle 15.30 di ieri, mentre all&#8217;interno c&#8217;erano dieci lavoratori intenti a portare avanti la linea di riciclo. La nube si \u00e8 sprigionata su tutto il Torinese, allarmando i comuni confinanti a Beinasco, ma anche tutta la citt\u00e0 di Torino. Arpa infatti ha consigliato di tenere le finestre chiuse delle case e uscire muniti di mascherina FFp2. Violenti i riflessi sulle citt\u00e0 prossime a Beinasco, come Nichelino. In alcune zone della citt\u00e0 si \u00e8 diffuso un&#8217;intenso odore acre. Questa mattina l&#8217;intensit\u00e0 potrebbe aumentare a causa del freddo e del probabile spegnimento del rogo.<\/p>\n","protected":false},"excerpt":{"rendered":"","protected":false},"author":11,"featured_media":44451,"comment_status":"open","ping_status":"closed","sticky":false,"template":"","format":"standard","meta":[],"categories":[34],"tags":[],"news-destination":[],"news-source":[],"is_homepage":[],"ta_other":[],"_links":{"self":[{"href":"https:\/\/www.ilmercoledi.news\/ilmercoledi\/news\/wp-json\/wp\/v2\/posts\/44452"}],"collection":[{"href":"https:\/\/www.ilmercoledi.news\/ilmercoledi\/news\/wp-json\/wp\/v2\/posts"}],"about":[{"href":"https:\/\/www.ilmercoledi.news\/ilmercoledi\/news\/wp-json\/wp\/v2\/types\/post"}],"author":[{"embeddable":true,"href":"https:\/\/www.ilmercoledi.news\/ilmercoledi\/news\/wp-json\/wp\/v2\/users\/11"}],"replies":[{"embeddable":true,"href":"https:\/\/www.ilmercoledi.news\/ilmercoledi\/news\/wp-json\/wp\/v2\/comments?post=44452"}],"version-history":[{"count":0,"href":"https:\/\/www.ilmercoledi.news\/ilmercoledi\/news\/wp-json\/wp\/v2\/posts\/44452\/revisions"}],"wp:featuredmedia":[{"embeddable":true,"href":"https:\/\/www.ilmercoledi.news\/ilmercoledi\/news\/wp-json\/wp\/v2\/media\/44451"}],"wp:attachment":[{"href":"https:\/\/www.ilmercoledi.news\/ilmercoledi\/news\/wp-json\/wp\/v2\/media?parent=44452"}],"wp:term":[{"taxonomy":"category","embeddable":true,"href":"https:\/\/www.ilmercoledi.news\/ilmercoledi\/news\/wp-json\/wp\/v2\/categories?post=44452"},{"taxonomy":"post_tag","embeddable":true,"href":"https:\/\/www.ilmercoledi.news\/ilmercoledi\/news\/wp-json\/wp\/v2\/tags?post=44452"},{"taxonomy":"news-destination","embeddable":true,"href":"https:\/\/www.ilmercoledi.news\/ilmercoledi\/news\/wp-json\/wp\/v2\/news-destination?post=44452"},{"taxonomy":"news-source","embeddable":true,"href":"https:\/\/www.ilmercoledi.news\/ilmercoledi\/news\/wp-json\/wp\/v2\/news-source?post=44452"},{"taxonomy":"is_homepage","embeddable":true,"href":"https:\/\/www.ilmercoledi.news\/ilmercoledi\/news\/wp-json\/wp\/v2\/is_homepage?post=44452"},{"taxonomy":"ta_other","embeddable":true,"href":"https:\/\/www.ilmercoledi.news\/ilmercoledi\/news\/wp-json\/wp\/v2\/ta_other?post=44452"}],"curies":[{"name":"wp","href":"https:\/\/api.w.org\/{rel}","templated":true}]}}