{"id":44580,"date":"2021-12-20T07:15:00","date_gmt":"2021-12-20T06:15:00","guid":{"rendered":"https:\/\/euwps02.newsmemory.com\/ilmercoledi\/news\/?p=44580"},"modified":"2021-12-20T07:15:41","modified_gmt":"2021-12-20T06:15:41","slug":"covid-iniziata-in-piemonte-la-vaccinazione-per-i-bambini","status":"publish","type":"post","link":"https:\/\/www.ilmercoledi.news\/2021\/12\/20\/covid-iniziata-in-piemonte-la-vaccinazione-per-i-bambini\/","title":{"rendered":"COVID &#8211; Iniziata in Piemonte la vaccinazione per i bambini"},"content":{"rendered":"<p>\u00c8 cominciata in Piemonte\u00a0<strong>la vaccinazione dei bambini dai 5 agli 11 anni<\/strong>. L\u2019inaugurazione di questa nuova fase della campagna vaccinale \u00e8 avvenuta nel centro a loro dedicato allestito in via Gorizia a Torino dalla Compagnia di San Paolo, alla presenza del presidente della Regione Alberto Cirio, del presidente della Compagnia di San Paolo Francesco Profumo, del direttore dell&#8217;Asl Citt\u00e0 di Torino Carlo Picco e del direttore delle Malattie infettive dell&#8217;ospedale Amedeo di Savoia, Giovanni Di Perri. E sono stati proprio\u00a0<strong>i suoi tre figli, di 10, 8 e 6 anni, i primi a ricevere la dose pediatrica di Pfizer<\/strong>.<\/p>\n<p><strong>Il presidente Cirio<\/strong>\u00a0ha sostenuto che \u201cquesto \u00e8\u00a0<strong>l\u2019ultimo tassello che ci porter\u00e0 davvero a metterci alle spalle il Covid<\/strong>\u00a0e completare il lavoro di messa in sicurezza della vita e della salute dei piemontesi. \u00c8 fondamentale mettere in sicurezza tutti, perch\u00e9 i dati ci segnalano una diffusione molto alta del contagio fra i pi\u00f9 piccoli, in quanto sono le fasce che non ancora vaccinate. La scienza si \u00e8 pronunciata in modo inequivocabile. Abbiamo voluto usare per i bambini &#8211; ha rimarcato &#8211; la stessa delicatezza che abbiamo avuto per i pi\u00f9 vulnerabili, cio\u00e8 prendere per mano loro e le loro famiglie. Come per i pi\u00f9 anziani abbiamo coinvolto i medici di medivina generale, qui abbiamo coinvolto i pediatri: tutte le sigle sindacali hanno aderito all&#8217;accordo fatto con la Regione, per cui i pediatri vaccineranno all&#8217;interno degli hub dedicati ai bambini&#8221;.<\/p>\n<p>Le preadesioni per la vaccinazione dei bambini tra 5 e 11 anni vanno effettuate dai genitori su\u00a0www.ilpiemontetivaccina.it\u00a0Nei giorni successivi arriver\u00e0\u00a0<strong>l\u2019sms di convocazione<\/strong>\u00a0con data, luogo e ora dell\u2019appuntamento presso hub specifici per i bambini individuati dalle aziende sanitarie, o dal proprio pediatra se vaccinatore. Una particolare attenzione viene dedicata ai bambini con specifiche patologie, che vengono presi in carico direttamente in appositi hub ospedalieri in modo che abbiano un percorso tutelato data la loro particolare condizione di vulnerabilit\u00e0.<\/p>\n","protected":false},"excerpt":{"rendered":"","protected":false},"author":11,"featured_media":9039,"comment_status":"open","ping_status":"closed","sticky":false,"template":"","format":"standard","meta":[],"categories":[34],"tags":[],"news-destination":[],"news-source":[],"is_homepage":[],"ta_other":[],"_links":{"self":[{"href":"https:\/\/www.ilmercoledi.news\/ilmercoledi\/news\/wp-json\/wp\/v2\/posts\/44580"}],"collection":[{"href":"https:\/\/www.ilmercoledi.news\/ilmercoledi\/news\/wp-json\/wp\/v2\/posts"}],"about":[{"href":"https:\/\/www.ilmercoledi.news\/ilmercoledi\/news\/wp-json\/wp\/v2\/types\/post"}],"author":[{"embeddable":true,"href":"https:\/\/www.ilmercoledi.news\/ilmercoledi\/news\/wp-json\/wp\/v2\/users\/11"}],"replies":[{"embeddable":true,"href":"https:\/\/www.ilmercoledi.news\/ilmercoledi\/news\/wp-json\/wp\/v2\/comments?post=44580"}],"version-history":[{"count":0,"href":"https:\/\/www.ilmercoledi.news\/ilmercoledi\/news\/wp-json\/wp\/v2\/posts\/44580\/revisions"}],"wp:featuredmedia":[{"embeddable":true,"href":"https:\/\/www.ilmercoledi.news\/ilmercoledi\/news\/wp-json\/wp\/v2\/media\/9039"}],"wp:attachment":[{"href":"https:\/\/www.ilmercoledi.news\/ilmercoledi\/news\/wp-json\/wp\/v2\/media?parent=44580"}],"wp:term":[{"taxonomy":"category","embeddable":true,"href":"https:\/\/www.ilmercoledi.news\/ilmercoledi\/news\/wp-json\/wp\/v2\/categories?post=44580"},{"taxonomy":"post_tag","embeddable":true,"href":"https:\/\/www.ilmercoledi.news\/ilmercoledi\/news\/wp-json\/wp\/v2\/tags?post=44580"},{"taxonomy":"news-destination","embeddable":true,"href":"https:\/\/www.ilmercoledi.news\/ilmercoledi\/news\/wp-json\/wp\/v2\/news-destination?post=44580"},{"taxonomy":"news-source","embeddable":true,"href":"https:\/\/www.ilmercoledi.news\/ilmercoledi\/news\/wp-json\/wp\/v2\/news-source?post=44580"},{"taxonomy":"is_homepage","embeddable":true,"href":"https:\/\/www.ilmercoledi.news\/ilmercoledi\/news\/wp-json\/wp\/v2\/is_homepage?post=44580"},{"taxonomy":"ta_other","embeddable":true,"href":"https:\/\/www.ilmercoledi.news\/ilmercoledi\/news\/wp-json\/wp\/v2\/ta_other?post=44580"}],"curies":[{"name":"wp","href":"https:\/\/api.w.org\/{rel}","templated":true}]}}