{"id":44645,"date":"2021-12-22T15:36:06","date_gmt":"2021-12-22T14:36:06","guid":{"rendered":"https:\/\/euwps02.newsmemory.com\/ilmercoledi\/news\/?p=44645"},"modified":"2021-12-22T15:36:42","modified_gmt":"2021-12-22T14:36:42","slug":"covid-la-denuncia-del-consigliere-regionale-valle-impossibile-fare-tamponi","status":"publish","type":"post","link":"https:\/\/www.ilmercoledi.news\/2021\/12\/22\/covid-la-denuncia-del-consigliere-regionale-valle-impossibile-fare-tamponi\/","title":{"rendered":"COVID &#8211; La denuncia del consigliere regionale Valle: &#8216;Impossibile fare tamponi&#8217;"},"content":{"rendered":"<p>\u201cLa situazione \u00e8 gravissima, ma secondo la Giunta Cirio il sistema funziona perfettamente. Nulla di pi\u00f9 falso. Sono stato contattato da alcuni cittadini in grave difficolt\u00e0, dopo aver fatto un tampone rapido risultato positivo. Sappiamo per\u00f2 dagli esperti, non ultimo il professor Crisanti l&#8217;altro giorno su Agor\u00e0 Rai, che &#8211; cito &#8211; &#8220;con la variante Omicron i tamponi rapidi sono pressoch\u00e9 inutili, serve il molecolare&#8221;. Lo racconta il Consigliere Regionale Daniele Valle, che ha presieduto la commissione di indagine Covid del Consiglio Regionale. \u201cDalla Regione rispondono che le prime disponibilit\u00e0 per i molecolari partono dal 5 gennaio, che utilit\u00e0 pu\u00f2 avere un tampone 15gg dopo il presunto contagio? Una cittadina mi spiegava che tutta la famiglia \u00e8 in isolamento, ma nonostante i familiari siano risultati negativi ai test antigenici hanno comunque paura di essere stati contagiati senza avere la certezza del test molecolare\u201d spiega Valle a seguito di una segnalazione fatta da una torinese sulla difficolt\u00e0 a prenotare un tampone molecolare con il servizio sanitario pubblico. \u201cNegli ultimi giorni il Piemonte ha processato la met\u00e0 dei tamponi molecolari di Veneto Emilia, Lazio, Campania. Un terzo della Lombardia. Dei 77.572 tamponi piemontesi, i molecolari sono 13.781 circa il 17,8%.In questo modo il sistema di tracciamento salta e le persone sono in pericolo. Secondo le direttive di Federfarma regionale, chi sospetta di aver avuto contatti con un positivo, non dovrebbe recarsi in farmacia, per\u00f2 attualmente non ha altre soluzioni. Solo che adesso iniziano le vacanze natalizie e anche le farmacie avranno periodi di chiusura. Quindi \u2013 conclude Daniele Valle \u2013 sar\u00e0 un periodo in cui non si potranno fare i molecolari, sar\u00e0 difficile l&#8217;accesso ai rapidi privatamente e il virus continuer\u00e0 a correre senza freni, con l\u2019impossibilit\u00e0 di individuare i positivi. Proprio quando ce ne sarebbe pi\u00f9 bisogno.&#8221;<\/p>\n","protected":false},"excerpt":{"rendered":"","protected":false},"author":11,"featured_media":29902,"comment_status":"open","ping_status":"closed","sticky":false,"template":"","format":"standard","meta":[],"categories":[34],"tags":[],"news-destination":[],"news-source":[],"is_homepage":[],"ta_other":[],"_links":{"self":[{"href":"https:\/\/www.ilmercoledi.news\/ilmercoledi\/news\/wp-json\/wp\/v2\/posts\/44645"}],"collection":[{"href":"https:\/\/www.ilmercoledi.news\/ilmercoledi\/news\/wp-json\/wp\/v2\/posts"}],"about":[{"href":"https:\/\/www.ilmercoledi.news\/ilmercoledi\/news\/wp-json\/wp\/v2\/types\/post"}],"author":[{"embeddable":true,"href":"https:\/\/www.ilmercoledi.news\/ilmercoledi\/news\/wp-json\/wp\/v2\/users\/11"}],"replies":[{"embeddable":true,"href":"https:\/\/www.ilmercoledi.news\/ilmercoledi\/news\/wp-json\/wp\/v2\/comments?post=44645"}],"version-history":[{"count":0,"href":"https:\/\/www.ilmercoledi.news\/ilmercoledi\/news\/wp-json\/wp\/v2\/posts\/44645\/revisions"}],"wp:featuredmedia":[{"embeddable":true,"href":"https:\/\/www.ilmercoledi.news\/ilmercoledi\/news\/wp-json\/wp\/v2\/media\/29902"}],"wp:attachment":[{"href":"https:\/\/www.ilmercoledi.news\/ilmercoledi\/news\/wp-json\/wp\/v2\/media?parent=44645"}],"wp:term":[{"taxonomy":"category","embeddable":true,"href":"https:\/\/www.ilmercoledi.news\/ilmercoledi\/news\/wp-json\/wp\/v2\/categories?post=44645"},{"taxonomy":"post_tag","embeddable":true,"href":"https:\/\/www.ilmercoledi.news\/ilmercoledi\/news\/wp-json\/wp\/v2\/tags?post=44645"},{"taxonomy":"news-destination","embeddable":true,"href":"https:\/\/www.ilmercoledi.news\/ilmercoledi\/news\/wp-json\/wp\/v2\/news-destination?post=44645"},{"taxonomy":"news-source","embeddable":true,"href":"https:\/\/www.ilmercoledi.news\/ilmercoledi\/news\/wp-json\/wp\/v2\/news-source?post=44645"},{"taxonomy":"is_homepage","embeddable":true,"href":"https:\/\/www.ilmercoledi.news\/ilmercoledi\/news\/wp-json\/wp\/v2\/is_homepage?post=44645"},{"taxonomy":"ta_other","embeddable":true,"href":"https:\/\/www.ilmercoledi.news\/ilmercoledi\/news\/wp-json\/wp\/v2\/ta_other?post=44645"}],"curies":[{"name":"wp","href":"https:\/\/api.w.org\/{rel}","templated":true}]}}