{"id":44701,"date":"2022-01-03T07:01:33","date_gmt":"2022-01-03T06:01:33","guid":{"rendered":"https:\/\/www-ilmercoledi-news-*.sitenm.com\/?p=44701"},"modified":"2022-01-03T07:02:15","modified_gmt":"2022-01-03T06:02:15","slug":"covid-il-piemonte-da-oggi-e-zona-gialla","status":"publish","type":"post","link":"https:\/\/www.ilmercoledi.news\/2022\/01\/03\/covid-il-piemonte-da-oggi-e-zona-gialla\/","title":{"rendered":"COVID &#8211; Il Piemonte da oggi \u00e8 zona gialla"},"content":{"rendered":"<p>Dopo 28 settimane in zona bianca,\u00a0<strong>il Piemonte da oggi \u00e8 zona gialla<\/strong>. A incidere sul passaggio non sono tanto i contagi quanto i ricoveri, anche se si tratta di numeri ancora molto contenuti rispetto allo scenario nazionale e internazionale.<\/p>\n<p>Dal Report di Ministero della Salute e Istituto Superiore di Sanit\u00e0 si riscontra che sono state superate la soglie di allerta del 10% del tasso di occupazione dei posti letto di terapia intensiva (16,2%) e quella del 15% dei posti letto ordinari (20,2%).<\/p>\n<p>Nella settimana 20-26 dicembre il numero dei nuovi casi e dei focolai \u00e8 cresciuto, come nel resto dell\u2019Italia. L\u2019Rt puntuale calcolato sulla data di inizio sintomi \u00e8 passato da 1.31 a 1.35 e la percentuale di positivit\u00e0 dei tamponi \u00e8 salita all\u20198%. L\u2019incidenza \u00e8 stata di 1.020,73 casi ogni 100 mila abitanti.<\/p>\n<p>\u201cSiamo riusciti a lungo a mantenere il Piemonte in zona bianca grazie allo sforzo collettivo e all\u2019effetto dei vaccini &#8211; spiegano il presidente\u00a0<strong>Alberto Cirio<\/strong>\u00a0e l\u2019assessore alla Sanit\u00e0\u00a0<strong>Luigi Genesio Icardi\u00a0<\/strong>&#8211; Il passaggio in zona gialla \u00e8\u00a0<strong>frutto della crescita del contagio che si sta registrando a livello globale<\/strong>, ma testimonia anche come<strong>\u00a0i numeri delle ospedalizzazioni siano ancora contenuti<\/strong>\u00a0e, anche questo,\u00a0<strong>\u00e8 merito dei vaccini<\/strong>. Per cui, ora pi\u00f9 che mai,\u00a0<strong>ci appelliamo a chi ha ancora dei dubbi, perch\u00e9 il vaccino \u00e8 la nostra unica arma per salvare la vita e le nostre comunit\u00e0<\/strong>&#8220;.<\/p>\n<p>&#8220;Il grazie &#8211; proseguono Cirio e Icardi &#8211; va a chi, nel nostro intero sistema sanitario, anche in questi giorni sta continuando con noi a correre per somministrare le terze dosi, rendendo ancora una volta il Piemonte una delle regioni pi\u00f9 efficienti nella campagna vaccinale, tre punti sopra la media nazionale. Il Governo ha introdotto misure che riteniamo di buonsenso, perch\u00e9 avevamo chiesto che non fossero le persone vaccinate a pagare eventuali nuove restrizioni, e cos\u00ec \u00e8 stato. Ma\u00a0<strong>ognuno di noi deve continuare a fare la propria parte<\/strong>\u00a0per non mettere a repentaglio la propria sicurezza e quella dei propri cari.\u00a0<strong>Prendetevi cura di voi<\/strong>\u201d.<\/p>\n","protected":false},"excerpt":{"rendered":"","protected":false},"author":11,"featured_media":37779,"comment_status":"open","ping_status":"closed","sticky":false,"template":"","format":"standard","meta":[],"categories":[34],"tags":[],"news-destination":[],"news-source":[],"is_homepage":[],"ta_other":[],"_links":{"self":[{"href":"https:\/\/www.ilmercoledi.news\/ilmercoledi\/news\/wp-json\/wp\/v2\/posts\/44701"}],"collection":[{"href":"https:\/\/www.ilmercoledi.news\/ilmercoledi\/news\/wp-json\/wp\/v2\/posts"}],"about":[{"href":"https:\/\/www.ilmercoledi.news\/ilmercoledi\/news\/wp-json\/wp\/v2\/types\/post"}],"author":[{"embeddable":true,"href":"https:\/\/www.ilmercoledi.news\/ilmercoledi\/news\/wp-json\/wp\/v2\/users\/11"}],"replies":[{"embeddable":true,"href":"https:\/\/www.ilmercoledi.news\/ilmercoledi\/news\/wp-json\/wp\/v2\/comments?post=44701"}],"version-history":[{"count":0,"href":"https:\/\/www.ilmercoledi.news\/ilmercoledi\/news\/wp-json\/wp\/v2\/posts\/44701\/revisions"}],"wp:featuredmedia":[{"embeddable":true,"href":"https:\/\/www.ilmercoledi.news\/ilmercoledi\/news\/wp-json\/wp\/v2\/media\/37779"}],"wp:attachment":[{"href":"https:\/\/www.ilmercoledi.news\/ilmercoledi\/news\/wp-json\/wp\/v2\/media?parent=44701"}],"wp:term":[{"taxonomy":"category","embeddable":true,"href":"https:\/\/www.ilmercoledi.news\/ilmercoledi\/news\/wp-json\/wp\/v2\/categories?post=44701"},{"taxonomy":"post_tag","embeddable":true,"href":"https:\/\/www.ilmercoledi.news\/ilmercoledi\/news\/wp-json\/wp\/v2\/tags?post=44701"},{"taxonomy":"news-destination","embeddable":true,"href":"https:\/\/www.ilmercoledi.news\/ilmercoledi\/news\/wp-json\/wp\/v2\/news-destination?post=44701"},{"taxonomy":"news-source","embeddable":true,"href":"https:\/\/www.ilmercoledi.news\/ilmercoledi\/news\/wp-json\/wp\/v2\/news-source?post=44701"},{"taxonomy":"is_homepage","embeddable":true,"href":"https:\/\/www.ilmercoledi.news\/ilmercoledi\/news\/wp-json\/wp\/v2\/is_homepage?post=44701"},{"taxonomy":"ta_other","embeddable":true,"href":"https:\/\/www.ilmercoledi.news\/ilmercoledi\/news\/wp-json\/wp\/v2\/ta_other?post=44701"}],"curies":[{"name":"wp","href":"https:\/\/api.w.org\/{rel}","templated":true}]}}