{"id":44896,"date":"2022-01-13T06:52:46","date_gmt":"2022-01-13T05:52:46","guid":{"rendered":"https:\/\/www-ilmercoledi-news-*.sitenm.com\/?p=44896"},"modified":"2022-01-13T06:54:03","modified_gmt":"2022-01-13T05:54:03","slug":"regione-da-lunedi-17-un-sms-avvisera-dellinizio-e-fine-della-quarantena","status":"publish","type":"post","link":"https:\/\/www.ilmercoledi.news\/2022\/01\/13\/regione-da-lunedi-17-un-sms-avvisera-dellinizio-e-fine-della-quarantena\/","title":{"rendered":"REGIONE &#8211; Da luned\u00ec 17 un sms avviser\u00e0 dell&#8217;inizio e fine della quarantena"},"content":{"rendered":"<p>Da luned\u00ec 17 gennaio un sms della Regione avviser\u00e0 dell\u2019inizio o fine del provvedimento contumaciale per i positivi e i loro contatti stretti. A partire dalla prossima settimana saranno operative le nuove misure per semplificare le procedure per le quarantene e l\u2019isolamento: verranno approvate con una delibera nella prossima seduta della Giunta regionale, su proposta dell\u2019assessore alla Sanit\u00e0,\u00a0<strong>Luigi Icardi.\u00a0<\/strong>Il provvedimento \u00e8 stato messo a punto dal settore regionale Prevenzione della Direzione Sanit\u00e0, in raccordo con l\u2019Unit\u00e0 di Crisi e con il Dirmei, tenendo conto dell\u2019aumento esponenziale dei casi che si \u00e8 registrato nelle ultime settimane e sulla base delle indicazioni previste dalle normative nazionali.\u201cL\u2019obiettivo \u00e8 snellire la parte burocratica, evitando lungaggini ed inutili attese ai cittadini. Abbiamo definito un protocollo operativo che, nel rispetto della normativa nazionale, consente al cittadino di ricevere le comunicazioni in modo pi\u00f9 rapido, direttamente sul proprio telefono, con un messaggio che ha, a tutti gli effetti, il valore di un provvedimento amministrativo. Semplificando le procedure, garantiamo anche maggiore tempestivit\u00e0 ed efficacia nelle attivit\u00e0 di tracciamento.\u201d- dichiarano il\u00a0<strong>presidente Alberto Cirio\u00a0<\/strong>e<strong>\u00a0l\u2019assessore Luigi Icardi.<\/strong><\/p>\n","protected":false},"excerpt":{"rendered":"","protected":false},"author":11,"featured_media":34275,"comment_status":"open","ping_status":"closed","sticky":false,"template":"","format":"standard","meta":[],"categories":[34],"tags":[],"news-destination":[],"news-source":[],"is_homepage":[],"ta_other":[],"_links":{"self":[{"href":"https:\/\/www.ilmercoledi.news\/ilmercoledi\/news\/wp-json\/wp\/v2\/posts\/44896"}],"collection":[{"href":"https:\/\/www.ilmercoledi.news\/ilmercoledi\/news\/wp-json\/wp\/v2\/posts"}],"about":[{"href":"https:\/\/www.ilmercoledi.news\/ilmercoledi\/news\/wp-json\/wp\/v2\/types\/post"}],"author":[{"embeddable":true,"href":"https:\/\/www.ilmercoledi.news\/ilmercoledi\/news\/wp-json\/wp\/v2\/users\/11"}],"replies":[{"embeddable":true,"href":"https:\/\/www.ilmercoledi.news\/ilmercoledi\/news\/wp-json\/wp\/v2\/comments?post=44896"}],"version-history":[{"count":0,"href":"https:\/\/www.ilmercoledi.news\/ilmercoledi\/news\/wp-json\/wp\/v2\/posts\/44896\/revisions"}],"wp:featuredmedia":[{"embeddable":true,"href":"https:\/\/www.ilmercoledi.news\/ilmercoledi\/news\/wp-json\/wp\/v2\/media\/34275"}],"wp:attachment":[{"href":"https:\/\/www.ilmercoledi.news\/ilmercoledi\/news\/wp-json\/wp\/v2\/media?parent=44896"}],"wp:term":[{"taxonomy":"category","embeddable":true,"href":"https:\/\/www.ilmercoledi.news\/ilmercoledi\/news\/wp-json\/wp\/v2\/categories?post=44896"},{"taxonomy":"post_tag","embeddable":true,"href":"https:\/\/www.ilmercoledi.news\/ilmercoledi\/news\/wp-json\/wp\/v2\/tags?post=44896"},{"taxonomy":"news-destination","embeddable":true,"href":"https:\/\/www.ilmercoledi.news\/ilmercoledi\/news\/wp-json\/wp\/v2\/news-destination?post=44896"},{"taxonomy":"news-source","embeddable":true,"href":"https:\/\/www.ilmercoledi.news\/ilmercoledi\/news\/wp-json\/wp\/v2\/news-source?post=44896"},{"taxonomy":"is_homepage","embeddable":true,"href":"https:\/\/www.ilmercoledi.news\/ilmercoledi\/news\/wp-json\/wp\/v2\/is_homepage?post=44896"},{"taxonomy":"ta_other","embeddable":true,"href":"https:\/\/www.ilmercoledi.news\/ilmercoledi\/news\/wp-json\/wp\/v2\/ta_other?post=44896"}],"curies":[{"name":"wp","href":"https:\/\/api.w.org\/{rel}","templated":true}]}}