{"id":4490,"date":"2018-04-03T14:10:49","date_gmt":"2018-04-03T12:10:49","guid":{"rendered":"http:\/\/euwps02.tecnavia.com\/ilmercoledi\/news\/?p=4490"},"modified":"2018-04-03T14:10:55","modified_gmt":"2018-04-03T12:10:55","slug":"moncalieri-parte-attivarsi-lavoro-progetto-difficolta","status":"publish","type":"post","link":"https:\/\/www.ilmercoledi.news\/2018\/04\/03\/moncalieri-parte-attivarsi-lavoro-progetto-difficolta\/","title":{"rendered":"MONCALIERI &#8211; Parte &#8220;Attivarsi per il lavoro&#8221;, progetto per chi \u00e8 in difficolt\u00e0"},"content":{"rendered":"<p>Accompagnare le persone nella ricerca del lavoro. Tra i progetti che prenderanno il via prossimamente a Moncalieri, c\u2019\u00e8 \u201cAttivarsi per il Lavoro\u201d, che ha l\u2019obiettivo di avviare, per 14 disoccupati residenti a Moncalieri in difficolt\u00e0 economica o sociale, percorsi individuali di orientamento e di accompagnamento alla ricerca del lavoro, garantendo ai beneficiari un&#8217;indennit\u00e0 di partecipazione (fino ad un massimo di 1.200 euro).<\/p>\n<p>Da\u00a0domani fino al 20 aprile 2018 sar\u00e0 possibile presentare le domande di partecipazione: &#8220;Continuare ad investire sulla creazione di nuove opportunit\u00e0 &#8211; dice il sindaco, Paolo Montagna -, significa investire sulla dignit\u00e0 e sul futuro delle persone. Noi andiamo avanti su questa strada&#8221;.<\/p>\n","protected":false},"excerpt":{"rendered":"","protected":false},"author":11,"featured_media":443,"comment_status":"open","ping_status":"closed","sticky":false,"template":"","format":"standard","meta":[],"categories":[34],"tags":[],"news-destination":[],"news-source":[],"is_homepage":[],"ta_other":[],"_links":{"self":[{"href":"https:\/\/www.ilmercoledi.news\/ilmercoledi\/news\/wp-json\/wp\/v2\/posts\/4490"}],"collection":[{"href":"https:\/\/www.ilmercoledi.news\/ilmercoledi\/news\/wp-json\/wp\/v2\/posts"}],"about":[{"href":"https:\/\/www.ilmercoledi.news\/ilmercoledi\/news\/wp-json\/wp\/v2\/types\/post"}],"author":[{"embeddable":true,"href":"https:\/\/www.ilmercoledi.news\/ilmercoledi\/news\/wp-json\/wp\/v2\/users\/11"}],"replies":[{"embeddable":true,"href":"https:\/\/www.ilmercoledi.news\/ilmercoledi\/news\/wp-json\/wp\/v2\/comments?post=4490"}],"version-history":[{"count":1,"href":"https:\/\/www.ilmercoledi.news\/ilmercoledi\/news\/wp-json\/wp\/v2\/posts\/4490\/revisions"}],"predecessor-version":[{"id":4491,"href":"https:\/\/www.ilmercoledi.news\/ilmercoledi\/news\/wp-json\/wp\/v2\/posts\/4490\/revisions\/4491"}],"wp:featuredmedia":[{"embeddable":true,"href":"https:\/\/www.ilmercoledi.news\/ilmercoledi\/news\/wp-json\/wp\/v2\/media\/443"}],"wp:attachment":[{"href":"https:\/\/www.ilmercoledi.news\/ilmercoledi\/news\/wp-json\/wp\/v2\/media?parent=4490"}],"wp:term":[{"taxonomy":"category","embeddable":true,"href":"https:\/\/www.ilmercoledi.news\/ilmercoledi\/news\/wp-json\/wp\/v2\/categories?post=4490"},{"taxonomy":"post_tag","embeddable":true,"href":"https:\/\/www.ilmercoledi.news\/ilmercoledi\/news\/wp-json\/wp\/v2\/tags?post=4490"},{"taxonomy":"news-destination","embeddable":true,"href":"https:\/\/www.ilmercoledi.news\/ilmercoledi\/news\/wp-json\/wp\/v2\/news-destination?post=4490"},{"taxonomy":"news-source","embeddable":true,"href":"https:\/\/www.ilmercoledi.news\/ilmercoledi\/news\/wp-json\/wp\/v2\/news-source?post=4490"},{"taxonomy":"is_homepage","embeddable":true,"href":"https:\/\/www.ilmercoledi.news\/ilmercoledi\/news\/wp-json\/wp\/v2\/is_homepage?post=4490"},{"taxonomy":"ta_other","embeddable":true,"href":"https:\/\/www.ilmercoledi.news\/ilmercoledi\/news\/wp-json\/wp\/v2\/ta_other?post=4490"}],"curies":[{"name":"wp","href":"https:\/\/api.w.org\/{rel}","templated":true}]}}