{"id":45024,"date":"2022-01-20T14:55:51","date_gmt":"2022-01-20T13:55:51","guid":{"rendered":"https:\/\/www-ilmercoledi-news-*.sitenm.com\/?p=45024"},"modified":"2022-01-20T14:57:16","modified_gmt":"2022-01-20T13:57:16","slug":"carmagnola-il-consorzio-del-peperone-il-caat-ha-bisogno-di-nuova-linfa","status":"publish","type":"post","link":"https:\/\/www.ilmercoledi.news\/2022\/01\/20\/carmagnola-il-consorzio-del-peperone-il-caat-ha-bisogno-di-nuova-linfa\/","title":{"rendered":"CARMAGNOLA &#8211; Il Consorzio del peperone: &#8216;Il Caat ha bisogno di nuova linfa&#8217;"},"content":{"rendered":"<p>\u201cIl Caat (il Centro agroalimentare di Torino) con un volume d\u2019affari di poco superiore al mezzo miliardo di euro l\u2019anno, si collochi tra i primi tre mercati generali italiani. Ma mentre quello di Milano \u00e8 oggetto di ristrutturazione e a Roma si sta progettando di fare altrettanto, la struttura torinese, vecchia di oltre vent\u2019anni, necessita quanto prima di un rinnovamento e le risorse, potrebbero arrivare dai fondi del Pnrr\u201d.<\/p>\n<p>La richiesta \u00e8 stata formulata in Terza commissione (presidente\u00a0<strong>Claudio Leone<\/strong>) da\u00a0<strong>Stefano Cavagli\u00e0<\/strong>, presidente dell\u2019Associazione piemontese dei Grossisti ortofrutticoli Torino (Apgo) dove \u00e8 proseguita l\u2019audizione delle principali associazioni agricole per approfondire la questione relativa al sistema della produzione e del commercio del comparto ortofrutta, come richiesto da\u00a0<strong>Monica Canalis<\/strong>\u00a0(Pd).<\/p>\n<p>Apgo ha inoltre sottolineato come durante il periodo del lockdown l\u2019attivit\u00e0 del Caat non si sia interrotta, in quanto giudicata essenziale per garantire gli approvvigionamenti alla catena di vendita, tuttavia la pandemia ha generato una crisi che si estende anche a questo comparto, dove i fatturati subiscono una sorta di altalena tra incrementi e contrazioni.<\/p>\n<p>Il settore, in prospettiva futura, chiede la riforma dei mercati rionali, di valutare la possibilit\u00e0 di orari diurni e un giusto equilibrio nei confronti della grande distribuzione organizzata, che sta sempre pi\u00f9 entrando nella produzione.<\/p>\n<p><strong>Domenico Tuninetti\u00a0<\/strong>del Consorzio del peperone di Carmagnola, ha posto la problematica del ricambio generazionale, per dare non solo continuit\u00e0 ma nuova linfa alle imprese del settore. Inoltre, tra le proposte avanzate, si \u00e8 soffermato sulla necessit\u00e0 di sospendere il \u201cset-aside\u201d, il regime agronomico introdotto dall&#8217;Unione europea nel 1988, che consiste nel ritiro dalla produzione di una determinata quota della superficie agraria utilizzata al fine di controllare la sovrapproduzione di cereali e di altri seminativi, per evitare gli effetti depressivi sui prezzi agricoli.<\/p>\n","protected":false},"excerpt":{"rendered":"","protected":false},"author":11,"featured_media":32498,"comment_status":"open","ping_status":"closed","sticky":false,"template":"","format":"standard","meta":[],"categories":[34],"tags":[],"news-destination":[],"news-source":[],"is_homepage":[],"ta_other":[],"_links":{"self":[{"href":"https:\/\/www.ilmercoledi.news\/ilmercoledi\/news\/wp-json\/wp\/v2\/posts\/45024"}],"collection":[{"href":"https:\/\/www.ilmercoledi.news\/ilmercoledi\/news\/wp-json\/wp\/v2\/posts"}],"about":[{"href":"https:\/\/www.ilmercoledi.news\/ilmercoledi\/news\/wp-json\/wp\/v2\/types\/post"}],"author":[{"embeddable":true,"href":"https:\/\/www.ilmercoledi.news\/ilmercoledi\/news\/wp-json\/wp\/v2\/users\/11"}],"replies":[{"embeddable":true,"href":"https:\/\/www.ilmercoledi.news\/ilmercoledi\/news\/wp-json\/wp\/v2\/comments?post=45024"}],"version-history":[{"count":0,"href":"https:\/\/www.ilmercoledi.news\/ilmercoledi\/news\/wp-json\/wp\/v2\/posts\/45024\/revisions"}],"wp:featuredmedia":[{"embeddable":true,"href":"https:\/\/www.ilmercoledi.news\/ilmercoledi\/news\/wp-json\/wp\/v2\/media\/32498"}],"wp:attachment":[{"href":"https:\/\/www.ilmercoledi.news\/ilmercoledi\/news\/wp-json\/wp\/v2\/media?parent=45024"}],"wp:term":[{"taxonomy":"category","embeddable":true,"href":"https:\/\/www.ilmercoledi.news\/ilmercoledi\/news\/wp-json\/wp\/v2\/categories?post=45024"},{"taxonomy":"post_tag","embeddable":true,"href":"https:\/\/www.ilmercoledi.news\/ilmercoledi\/news\/wp-json\/wp\/v2\/tags?post=45024"},{"taxonomy":"news-destination","embeddable":true,"href":"https:\/\/www.ilmercoledi.news\/ilmercoledi\/news\/wp-json\/wp\/v2\/news-destination?post=45024"},{"taxonomy":"news-source","embeddable":true,"href":"https:\/\/www.ilmercoledi.news\/ilmercoledi\/news\/wp-json\/wp\/v2\/news-source?post=45024"},{"taxonomy":"is_homepage","embeddable":true,"href":"https:\/\/www.ilmercoledi.news\/ilmercoledi\/news\/wp-json\/wp\/v2\/is_homepage?post=45024"},{"taxonomy":"ta_other","embeddable":true,"href":"https:\/\/www.ilmercoledi.news\/ilmercoledi\/news\/wp-json\/wp\/v2\/ta_other?post=45024"}],"curies":[{"name":"wp","href":"https:\/\/api.w.org\/{rel}","templated":true}]}}