{"id":45031,"date":"2022-01-20T17:19:39","date_gmt":"2022-01-20T16:19:39","guid":{"rendered":"https:\/\/www-ilmercoledi-news-*.sitenm.com\/?p=45031"},"modified":"2022-01-20T17:21:38","modified_gmt":"2022-01-20T16:21:38","slug":"appuntamento-a-montemale-per-il-tradizionale-test-michelin-sport-rally-team","status":"publish","type":"post","link":"https:\/\/www.ilmercoledi.news\/2022\/01\/20\/appuntamento-a-montemale-per-il-tradizionale-test-michelin-sport-rally-team\/","title":{"rendered":"Appuntamento a Montemale per il tradizionale test Michelin\/Sport Rally Team"},"content":{"rendered":"<p><strong>T<\/strong>utto cominci\u00f2 in una gelatissima domenica di inizio 2016 (con tanto di strada ricoperta di neve caduta nella notte) a Santo Stefano Roero. Da allora \u00e8 diventata una tradizione che\u00a0<strong>Michelin Motorsport<\/strong>\u00a0e\u00a0<strong>Sport Rally Team<\/strong>\u00a0si incontrino per mettere in scena una giornata di test che permetta a piloti e navigatori di effettuare gli ultimi affinamenti alle loro vetture. Il prossimo appuntamento \u00e8 per\u00a0<strong>domenica 13\u00a0marzo<\/strong>\u00a0sulla classica prova di\u00a0<strong>Montemale<\/strong>, scattando dal\u00a0<strong>Santuario della Madonna di Ripoli<\/strong>,\u00a0affrontare due chilometri in salita fino all\u2019innesto della strada che porta in localit\u00e0\u00a0<strong>Ricogno<\/strong>\u00a0dove sventoler\u00e0 la bandiera a scacchi sul percorso di prova.<\/p>\n<p>\u201cCome \u00e8 nostra tradizione vogliamo applicare il principio dell\u2019alternanza, lasciando riposare il Roero per tornare nelle\u00a0<strong>Valli Occitane<\/strong>\u00a0fra\u00a0<strong>Dronero e Montemale<\/strong>, un percorso che lo Sport Rally Team ha gi\u00e0 utilizzato in passato e che sappiamo essere probante per un test come questo\u201d afferma\u00a0<strong>Pierluigi Capello<\/strong>\u00a0dello Sport Rally Team. Il percorso, infatti, \u00e8 caratterizzato da un primo tratto in salita su\u00a0<strong>strada larga<\/strong>\u00a0e veloce che mette a dura prova gli assetti delle vetture, mentre dopo lo scollino lo stretto tratto di due chilometri in discesa\u00a0<strong>far\u00e0 da esame<\/strong>\u00a0a freni e agilit\u00e0 della vettura. Il tutto su asfalto e senza possibilit\u00e0 di tagli che sporcano la strada. \u201cCome gi\u00e0 dimostrato nel 2020, Dronero e l\u2019area\u00a0<strong>dell\u2019AFP-Azienda Formazione Professionale<\/strong>, offre la possibilit\u00e0 di allestire un parco assistenza che ha tutte le caratteristiche richieste in questo momento dalla federazione, in cui i team potranno lavorare in serenit\u00e0 e spazi congrui, avendo a disposizione piazzole bene delimitate per accogliere i loro TIR e furgoni assistenza\u201d.<\/p>\n<p>Anche per il 2022\u00a0<strong>Michelin Motorsport<\/strong>\u00a0sar\u00e0 uno dei punti forti del test. Ripetendo quanto avvenuto in passato il costruttore di pneumatici sar\u00e0 presente con il suo van per permettere ai partecipanti al test di saggiare le novit\u00e0 che la Casa francese ha sfornato ultimamente: piloti e preparatori potranno inoltre usufruire della\u00a0<strong>consulenza dei tecnici<\/strong>\u00a0non solo italiani, ma anche provenienti dalla Casa madre di\u00a0<strong>Clermont Ferrand<\/strong>\u00a0per sciogliere dubbi e avere assistenza sulla scelta di\u00a0<strong>mescole e pressioni<\/strong>, alchimia non sempre facile da azzeccare per chi non \u00e8 profondamente addetto ai lavori.<\/p>\n<p>\u201cRipeteremo un\u2019esperienza effettuata nel 2016 quando organizzammo un piccolo \u2018<strong>stage\u2019 per piloti e preparatori,<\/strong>\u00a0nel quale si parl\u00f2 di tecnica automobilistica applicata agli pneumatici\u201d afferma\u00a0<strong>Fabrizio Cravero<\/strong>\u00a0di Michelin Motorsport, \u201cperch\u00e9 in sei anni il mondo \u00e8 andato avanti e anche il pianeta penumatici si \u00e8 evoluto\u201d.<\/p>\n<p>Il test sar\u00e0 allestito con tutte le peculiarit\u00e0 di un\u00a0<strong>rally<\/strong>. Quindi ci sar\u00e0 un servizio di sicurezza comprendente\u00a0<strong>ambulanza medicalizzata<\/strong>\u00a0con a bordo medico\u00a0<strong>anestesista<\/strong>\u00a0del 118 esperto in rianimazione, carro attrezzi,\u00a0<strong>team di decarcerazione<\/strong>, vettura di soccorso veloce, Il percorso verr\u00e0 controllato dagli\u00a0<strong>Ufficiali di Gara di ACI Sport<\/strong>, in collegamento radio fra loro e personale competente autorizzato per le procedure COVID-19. \u201cOvviamente l\u2019evento sar\u00e0 coperto dalla\u00a0<strong>polizza di assicurazione<\/strong>, stipulata con ACI Sport e di autorizzazioni Comunali e Provinciale\u201d assicura Capello.<\/p>\n<p><strong>Svolgimento del test<\/strong>. Piloti, navigatori e squadre saranno basate negli spazi della sede della scuola\u00a0<strong>AFP-Azienda Formazione\u00a0\u00a0Professionale<\/strong>, che si trova nella zona industriale di Ricogno, nel comune di\u00a0<strong>Dronero<\/strong>. Uscite dalla AFP-Azienda Formazione\u00a0\u00a0Professionale le vetture percorreranno un tratto della SP 442 e prima di immettersi nel centro cittadino imboccheranno la strada provinciale 223, dove avr\u00e0 inizio il percorso\u00a0<strong>chiuso al traffico<\/strong>. L\u2019avvio avverr\u00e0 con un primo tratto in salita, prima di tuffarsi in una discesa mozzafiato verso localit\u00e0\u00a0<strong>Ricogno<\/strong>\u00a0nel comune di Montemale, dove termina la sezione nella quale i concorrenti potranno spingere in sicurezza. Al termine di questo tratto la strada scende ancora fino alla Strada Provinciale 442, per tornare in area service o riprendere l\u2019inizio della prova e rifare il percorso.<\/p>\n<p>Il test si svolger\u00e0 dalle ore 9.00 alle ore 18.00 di domenica 13 marzo con una pausa pranzo fra le ore 12.30 e le 14.00. Il test si svolger\u00e0 in un\u00a0<strong>unico senso di marcia<\/strong>; essendo il percorso un anello di circa dieci chilometri, consente agli equipaggi di riprendere il tratto chiuso al traffico con estrema facilit\u00e0. \u201cGrazie alla collaborazione con la\u00a0AFP-Azienda Formazione\u00a0\u00a0Professionale, che ci ha messo a disposizione il piazzale asfaltato che ospiter\u00e0\u00a0<strong>l\u2019area service<\/strong>\u00a0e che si trova a poche centinaia di metri dal percorso ad anello, terminato il giro i piloti potranno scegliere se entrare in assistenza o proseguire per un\u2019ennesima tornata sul\u00a0<strong>tratto di allenamento<\/strong>. Nel precedenti test day di due anni fa su questo percorso molti equipaggi sono riusciti a ottimizzare al massimo la giornata, alcuni percorrendo anche\u00a0<strong>settanta chilometri<\/strong>\u00a0di prova chiusa al traffico, riuscendo a mettere alla frusta la vettura e nel contempo a svolgere tutti quei\u00a0<strong>lavori di messa a punto<\/strong>\u00a0necessari prima di partire per la stagione agonistica\u201d.<\/p>\n<p>Il \u201c<strong>test day per vetture da rally Dronero-Montemale<\/strong>\u201d \u00e8 organizzato tecnicamente dallo\u00a0<strong>Sport Rally Team<\/strong>\u00a0con la collaborazione di\u00a0<strong>Michelin S.p.A.<\/strong>\u00a0l\u2019ospitalit\u00e0 nei piazzali della AFP-Azienda Formazione\u00a0\u00a0Professionale e il patrocinio dei Comuni di\u00a0<strong>Dronero<\/strong>\u00a0e\u00a0<strong>Montemale<\/strong>. Al test sar\u00e0 ammesso un numero limitato equipaggi; il costo \u00e8 di 300,00 \u20ac + IVA.<\/p>\n<p>Per informazioni e iscrizioni\u00a0info@sportrallyteam.it\u00a0\u2013 335 232.709 e sul sito\u00a0www.sportrallyteam.it<\/p>\n","protected":false},"excerpt":{"rendered":"","protected":false},"author":10,"featured_media":45030,"comment_status":"open","ping_status":"closed","sticky":false,"template":"","format":"standard","meta":[],"categories":[395,34,10],"tags":[],"news-destination":[],"news-source":[],"is_homepage":[],"ta_other":[],"_links":{"self":[{"href":"https:\/\/www.ilmercoledi.news\/ilmercoledi\/news\/wp-json\/wp\/v2\/posts\/45031"}],"collection":[{"href":"https:\/\/www.ilmercoledi.news\/ilmercoledi\/news\/wp-json\/wp\/v2\/posts"}],"about":[{"href":"https:\/\/www.ilmercoledi.news\/ilmercoledi\/news\/wp-json\/wp\/v2\/types\/post"}],"author":[{"embeddable":true,"href":"https:\/\/www.ilmercoledi.news\/ilmercoledi\/news\/wp-json\/wp\/v2\/users\/10"}],"replies":[{"embeddable":true,"href":"https:\/\/www.ilmercoledi.news\/ilmercoledi\/news\/wp-json\/wp\/v2\/comments?post=45031"}],"version-history":[{"count":0,"href":"https:\/\/www.ilmercoledi.news\/ilmercoledi\/news\/wp-json\/wp\/v2\/posts\/45031\/revisions"}],"wp:featuredmedia":[{"embeddable":true,"href":"https:\/\/www.ilmercoledi.news\/ilmercoledi\/news\/wp-json\/wp\/v2\/media\/45030"}],"wp:attachment":[{"href":"https:\/\/www.ilmercoledi.news\/ilmercoledi\/news\/wp-json\/wp\/v2\/media?parent=45031"}],"wp:term":[{"taxonomy":"category","embeddable":true,"href":"https:\/\/www.ilmercoledi.news\/ilmercoledi\/news\/wp-json\/wp\/v2\/categories?post=45031"},{"taxonomy":"post_tag","embeddable":true,"href":"https:\/\/www.ilmercoledi.news\/ilmercoledi\/news\/wp-json\/wp\/v2\/tags?post=45031"},{"taxonomy":"news-destination","embeddable":true,"href":"https:\/\/www.ilmercoledi.news\/ilmercoledi\/news\/wp-json\/wp\/v2\/news-destination?post=45031"},{"taxonomy":"news-source","embeddable":true,"href":"https:\/\/www.ilmercoledi.news\/ilmercoledi\/news\/wp-json\/wp\/v2\/news-source?post=45031"},{"taxonomy":"is_homepage","embeddable":true,"href":"https:\/\/www.ilmercoledi.news\/ilmercoledi\/news\/wp-json\/wp\/v2\/is_homepage?post=45031"},{"taxonomy":"ta_other","embeddable":true,"href":"https:\/\/www.ilmercoledi.news\/ilmercoledi\/news\/wp-json\/wp\/v2\/ta_other?post=45031"}],"curies":[{"name":"wp","href":"https:\/\/api.w.org\/{rel}","templated":true}]}}