{"id":45043,"date":"2022-01-22T05:00:43","date_gmt":"2022-01-22T04:00:43","guid":{"rendered":"https:\/\/www-ilmercoledi-news-*.sitenm.com\/?p=45043"},"modified":"2022-01-22T05:02:44","modified_gmt":"2022-01-22T04:02:44","slug":"rally-lindiscusso-fascino-del-monte","status":"publish","type":"post","link":"https:\/\/www.ilmercoledi.news\/2022\/01\/22\/rally-lindiscusso-fascino-del-monte\/","title":{"rendered":"RALLY &#8211; L&#8217;indiscusso fascino del \u00abMonte\u00bb"},"content":{"rendered":"<p>Il Monte-Carlo \u00e8 sicuramente il re dei rally. Non solo perch\u00e9 ha come sede di arrivo e da alcuni decenni anche di partenza il Principato di Monaco, ma per il fascino che emana con i suoi 111 anni di storia, prima edizione nel 1911 e le sue novanta edizioni.<\/p>\n<p>Il Monte Carlo \u00e8 sicuramente il rally mondiale geograficamente pi\u00f9 facile da raggiungere per gli spettatori piemontesi, soprattutto da quando il San Remo ha smesso la corona iridata, anche se, attraversate le Alpi, le prove speciali erano in quella zona di Francia a ridosso della Costa Azzurra dove le temperature invernali raggiungevano minime polari.<\/p>\n<p>Anche se per noi italiani \u00e8 ormai una chimera vedere uno dei nostri sul gradino pi\u00f9 alto del podio (ultimo successo datata 1997 con Piero Liatti e Fabrizia Pons ad aprire l\u2019era WRC) \u00e8 sempre la gara cui ci si rivolge quando si vuole assaporare da spettatori il gusto del mondiale.<\/p>\n<p>L\u2019edizione 2022 \u00e8 partita gioved\u00ec con le due proeve in notturna pi\u00f9 classiche del Monte-Carlo con la pomeridiana Luceram\/Lantosque e l\u2019ancor pi\u00f9 mitica La Bollene-Vesubie\/Moulinet in notturna e il passaggio sul colle del Turini; sicuramente il punto di maggior significato della gara stessa e che negli anni d\u2019oro si svolgeva nella magica notte finale, risolvendo spesso le classifiche prima del tuffo finale verso il palco arrivi a Monte-Carlo con il principe e la principessa di turno pronti a premiare il vincitore. Un palco che valeva la carriera.<\/p>\n<p>Quest\u2019anno il Monte-Carlo apre la scena alle vetture ibride che mutuano la loro tecnologia dalle vetture di Formula 1, unendo motore termico a motore elettrico, generando molte perplessit\u00e0 fra gli sportivi e gli addetti ai lavori. Ma dopo quanto si \u00e8 visto in queste due prime giornate lo spettacolo c\u2019\u00e8 stato ed \u00e8 stato all\u2019altezza delle edizioni precedenti, forse ancor di pi\u00f9.<\/p>\n<p>Le ultime due giornate del Monte-Carlo si sviluppano con cinque prove nella giornata di sabato: un passaggio sulla prova Le Fugeret\/Thorame-Haute di 16,80 km (ore 8.17) e doppio giro sulla Saint Jeannet\/Malijai di 17,40 km (ore 10.08 e 14.08) e Saint-Geniez\/Toard di 20,29 km (ore 11.16), mentre domenica prima del gran finale doppio passaggio sulle prove La Penne\/Collongues di 19,37 km (ore 8.45 e 10.53) e Brianconnet\/Entrevaux di 14,26 km (ore 10.08 e 12.18) prima della chiusura finale a Monte-Carlo alle ore 15.00.<\/p>\n<p>Non sar\u00e0 il Monte-Carlo dei tempi delle Stratos e della Delta HF Integrale, ma una gita in Costa Azzurra vale la pena vederle, anche se sfidarsi sono vetture nippo-coreane e sembra che i francesi con Loeb e Ogier, non hanno alcuna intenzione di mollare lo scettro di principi di Monte-Carlo.<\/p>\n","protected":false},"excerpt":{"rendered":"","protected":false},"author":10,"featured_media":45042,"comment_status":"open","ping_status":"closed","sticky":false,"template":"","format":"standard","meta":[],"categories":[10],"tags":[],"news-destination":[],"news-source":[],"is_homepage":[],"ta_other":[],"_links":{"self":[{"href":"https:\/\/www.ilmercoledi.news\/ilmercoledi\/news\/wp-json\/wp\/v2\/posts\/45043"}],"collection":[{"href":"https:\/\/www.ilmercoledi.news\/ilmercoledi\/news\/wp-json\/wp\/v2\/posts"}],"about":[{"href":"https:\/\/www.ilmercoledi.news\/ilmercoledi\/news\/wp-json\/wp\/v2\/types\/post"}],"author":[{"embeddable":true,"href":"https:\/\/www.ilmercoledi.news\/ilmercoledi\/news\/wp-json\/wp\/v2\/users\/10"}],"replies":[{"embeddable":true,"href":"https:\/\/www.ilmercoledi.news\/ilmercoledi\/news\/wp-json\/wp\/v2\/comments?post=45043"}],"version-history":[{"count":1,"href":"https:\/\/www.ilmercoledi.news\/ilmercoledi\/news\/wp-json\/wp\/v2\/posts\/45043\/revisions"}],"predecessor-version":[{"id":45045,"href":"https:\/\/www.ilmercoledi.news\/ilmercoledi\/news\/wp-json\/wp\/v2\/posts\/45043\/revisions\/45045"}],"wp:featuredmedia":[{"embeddable":true,"href":"https:\/\/www.ilmercoledi.news\/ilmercoledi\/news\/wp-json\/wp\/v2\/media\/45042"}],"wp:attachment":[{"href":"https:\/\/www.ilmercoledi.news\/ilmercoledi\/news\/wp-json\/wp\/v2\/media?parent=45043"}],"wp:term":[{"taxonomy":"category","embeddable":true,"href":"https:\/\/www.ilmercoledi.news\/ilmercoledi\/news\/wp-json\/wp\/v2\/categories?post=45043"},{"taxonomy":"post_tag","embeddable":true,"href":"https:\/\/www.ilmercoledi.news\/ilmercoledi\/news\/wp-json\/wp\/v2\/tags?post=45043"},{"taxonomy":"news-destination","embeddable":true,"href":"https:\/\/www.ilmercoledi.news\/ilmercoledi\/news\/wp-json\/wp\/v2\/news-destination?post=45043"},{"taxonomy":"news-source","embeddable":true,"href":"https:\/\/www.ilmercoledi.news\/ilmercoledi\/news\/wp-json\/wp\/v2\/news-source?post=45043"},{"taxonomy":"is_homepage","embeddable":true,"href":"https:\/\/www.ilmercoledi.news\/ilmercoledi\/news\/wp-json\/wp\/v2\/is_homepage?post=45043"},{"taxonomy":"ta_other","embeddable":true,"href":"https:\/\/www.ilmercoledi.news\/ilmercoledi\/news\/wp-json\/wp\/v2\/ta_other?post=45043"}],"curies":[{"name":"wp","href":"https:\/\/api.w.org\/{rel}","templated":true}]}}