{"id":451,"date":"2017-12-20T15:40:05","date_gmt":"2017-12-20T14:40:05","guid":{"rendered":"http:\/\/euwps02.tecnavia.com\/ilmercoledi\/news\/?p=451"},"modified":"2017-12-27T09:17:36","modified_gmt":"2017-12-27T08:17:36","slug":"presepe-meccanico-apre-domani","status":"publish","type":"post","link":"https:\/\/www.ilmercoledi.news\/2017\/12\/20\/presepe-meccanico-apre-domani\/","title":{"rendered":"Il presepe meccanico apre domani"},"content":{"rendered":"<p><img alt=\"Il presepe meccanico apre domani\" title=\"Il presepe meccanico apre domani\" loading=\"lazy\" class=\"size-medium wp-image-455\" src=\"https:\/\/www.ilmercoledi.news\/ilmercoledi\/news\/wp-content\/uploads\/sites\/3\/2017\/12\/cambiano-gruppo-presepe-meccanico-300x199.jpg\" alt=\"\" width=\"300\" height=\"199\" srcset=\"https:\/\/euwps05.newsmemory.com\/ilmercoledi\/news\/wp-content\/uploads\/sites\/3\/2017\/12\/cambiano-gruppo-presepe-meccanico-300x199.jpg 300w, https:\/\/euwps05.newsmemory.com\/ilmercoledi\/news\/wp-content\/uploads\/sites\/3\/2017\/12\/cambiano-gruppo-presepe-meccanico-768x510.jpg 768w, https:\/\/euwps05.newsmemory.com\/ilmercoledi\/news\/wp-content\/uploads\/sites\/3\/2017\/12\/cambiano-gruppo-presepe-meccanico-750x498.jpg 750w, https:\/\/euwps05.newsmemory.com\/ilmercoledi\/news\/wp-content\/uploads\/sites\/3\/2017\/12\/cambiano-gruppo-presepe-meccanico.jpg 983w\" sizes=\"(max-width: 300px) 100vw, 300px\" \/><\/p>\n<p>CAMBIANO &#8211; Ultimo giorno di lavoro per i gruppo di volontari impegnato nell\u2019allestimento del presepe meccanico di Cambiano. La bella rappresentazione della Nativit\u00e0 installata nella chiesetta dello Spirito Santo verr\u00e0 inaugurata domani, sabato 23 dicembre, alle 19. Da quel momento sar\u00e0 aperto fino al 7 gennaio (sempre con ingresso gratuito) nei seguenti orari: 16-19 nei giorni feriali; 10-12 e 15-19 durante quelli festivi (compreso il giorno di Natale). Orari particolari il giorno della vigilia (10-12; 15-19 e 23-1.30 del 25 dicembre). E\u2019 stata inoltre prevista un\u2019apertura straordinaria domenica 14 gennaio. Dopo il presepe verr\u00e0 smontato e non sar\u00e0 pi\u00f9 visibile fino all\u2019anno successivo.<\/p>\n<p>Il gruppo di lavoro che mentre il giornale raggiunge le edicole \u00e8 impegnato nella posa degli ultimi dettagli \u00e8 composto da: Domenico Amerio, Silvio Bottero, Pietro Calderaro, Alessandro Civera, Mariano Garrone Mariano, Giorgio Grigolon, Francesco Lagan\u00e0, Giuseppe Lanfranco, Carlo Lupotti, Gabriele Massaglia, Alberto Pellis, Renato Perenzin, Luciano Peresinotto, Michele Porta, Michele e Sergio Rutigliano, Tonino Santoli e Walter Sganzetta. Negli ultimi mesi si sono trovati tre sere alla settimana (luned\u00ec, mercoled\u00ec e gioved\u00ec, dalle 21 alle 23) per mettere insieme questo piccolo capolavoro che, in base a quanto trapelato, \u00e8 in procinto di tornare alle origini per quanto riguarda la sua spettacolarit\u00e0, se pur con un tocco di innovazione, principalmente dal punto di vista tecnico. Le quaranta lampade che con una sapiente dissolvenza creano l&#8217;effetto de passaggio dal giorno alla notte non saranno pi\u00f9 ad incandescenza, bens\u00ec alogene di ultima generazione. Un accorgimento che permetter\u00e0 un risparmio del 30% sul fronte dei consumi elettrici. Ma non mancano le trovato di tipo logistico, pensate per impiegare meno tempo in futuro ad incastellare l&#8217;installazione. Ad esempio le 400 fibre che creano il cielo stellato sullo sfondo della meccanica Betlemme ideata dai volontari cambianesi. Ora sono tutte infilate in pannelli modulari in polistirene che non verranno pi\u00f9 smontati, cos\u00ec il prossimo Natale sar\u00e0 sufficiente fissarli al muro per avere il cielo di stelle. E poi, ovviamente, le statuine. Sono circa ottanta, alcune alte 40 centimetri, altre venti. Cinquanta di esse sono in movimento.<\/p>\n","protected":false},"excerpt":{"rendered":"La rappresentazione della Nativit\u00e0 si dipana su una superficie di ottanta metri quadrati. Cinquanta la statue in movimento","protected":false},"author":10,"featured_media":455,"comment_status":"open","ping_status":"closed","sticky":false,"template":"","format":"standard","meta":[],"categories":[34],"tags":[],"news-destination":[],"news-source":[],"is_homepage":[],"ta_other":[],"_links":{"self":[{"href":"https:\/\/www.ilmercoledi.news\/ilmercoledi\/news\/wp-json\/wp\/v2\/posts\/451"}],"collection":[{"href":"https:\/\/www.ilmercoledi.news\/ilmercoledi\/news\/wp-json\/wp\/v2\/posts"}],"about":[{"href":"https:\/\/www.ilmercoledi.news\/ilmercoledi\/news\/wp-json\/wp\/v2\/types\/post"}],"author":[{"embeddable":true,"href":"https:\/\/www.ilmercoledi.news\/ilmercoledi\/news\/wp-json\/wp\/v2\/users\/10"}],"replies":[{"embeddable":true,"href":"https:\/\/www.ilmercoledi.news\/ilmercoledi\/news\/wp-json\/wp\/v2\/comments?post=451"}],"version-history":[{"count":4,"href":"https:\/\/www.ilmercoledi.news\/ilmercoledi\/news\/wp-json\/wp\/v2\/posts\/451\/revisions"}],"predecessor-version":[{"id":468,"href":"https:\/\/www.ilmercoledi.news\/ilmercoledi\/news\/wp-json\/wp\/v2\/posts\/451\/revisions\/468"}],"wp:featuredmedia":[{"embeddable":true,"href":"https:\/\/www.ilmercoledi.news\/ilmercoledi\/news\/wp-json\/wp\/v2\/media\/455"}],"wp:attachment":[{"href":"https:\/\/www.ilmercoledi.news\/ilmercoledi\/news\/wp-json\/wp\/v2\/media?parent=451"}],"wp:term":[{"taxonomy":"category","embeddable":true,"href":"https:\/\/www.ilmercoledi.news\/ilmercoledi\/news\/wp-json\/wp\/v2\/categories?post=451"},{"taxonomy":"post_tag","embeddable":true,"href":"https:\/\/www.ilmercoledi.news\/ilmercoledi\/news\/wp-json\/wp\/v2\/tags?post=451"},{"taxonomy":"news-destination","embeddable":true,"href":"https:\/\/www.ilmercoledi.news\/ilmercoledi\/news\/wp-json\/wp\/v2\/news-destination?post=451"},{"taxonomy":"news-source","embeddable":true,"href":"https:\/\/www.ilmercoledi.news\/ilmercoledi\/news\/wp-json\/wp\/v2\/news-source?post=451"},{"taxonomy":"is_homepage","embeddable":true,"href":"https:\/\/www.ilmercoledi.news\/ilmercoledi\/news\/wp-json\/wp\/v2\/is_homepage?post=451"},{"taxonomy":"ta_other","embeddable":true,"href":"https:\/\/www.ilmercoledi.news\/ilmercoledi\/news\/wp-json\/wp\/v2\/ta_other?post=451"}],"curies":[{"name":"wp","href":"https:\/\/api.w.org\/{rel}","templated":true}]}}