{"id":45154,"date":"2022-01-27T02:06:43","date_gmt":"2022-01-27T01:06:43","guid":{"rendered":"https:\/\/www-ilmercoledi-news-*.sitenm.com\/?p=45154"},"modified":"2022-01-27T02:09:07","modified_gmt":"2022-01-27T01:09:07","slug":"wrc-2022-subito-podio-al-monte-carlo","status":"publish","type":"post","link":"https:\/\/www.ilmercoledi.news\/2022\/01\/27\/wrc-2022-subito-podio-al-monte-carlo\/","title":{"rendered":"Wrc 2022: subito podio al Monte Carlo"},"content":{"rendered":"<p><strong>\u00a0<\/strong>E\u2019 terminata al meglio, la prima uscita iridata dell\u2019anno per\u00a0<strong>\u00a0Movisport,\u00a0<\/strong>che nel fine settimana appena passato ha visto due suoiportacolori debuttare nella serie iridata 2022. La Scuderia reggiana, Campione del Mondo in carica tra i Team WRC-2, ha preso il via al celebre Rallye Montecarlo, giunto alla 90^ edizione, con\u00a0<strong>Gryazin-Aleksandrov<\/strong>\u00a0(nella WRC-2)\u00a0<strong>e Brazzoli-Fenoli,<\/strong>\u00a0questi ultimi nella categoria WRC3, puntando al titolo piloti ed anche per quello per i team insieme alla scuderia.<\/p>\n<p>Entrambi gli equipaggi hanno finito sopra il podio, finendo terzi nelle rispettive categorie.<\/p>\n<p>Nikolay Gryazin,al via con la Skoda Fabia Rally2 del Team Tok Sport, ha finito in terza posizione di WRC-2 con una prestazione in progressione, dopo un avvio sfortunato. Una \u201ctoccata\u201d posteriore durante la seconda prova lo aveva fatto letteralmente affondare in classifica con oltre due minuti persi, per poi vedere il pilota russo prodursi in una poderosa rimonta che lo ha portato sopra il podio. La prestazione ha dunque fatto vedere che il driver russo pu\u00f2 essere uno dei favoriti al successo iridato di categoria.<\/p>\n<p>\u201cDopo i drammatici momenti della seconda prova\u00a0\u2013\u00a0<strong>commenta Gryazin<\/strong>\u00a0\u2013\u00a0siamo riusciti a bilanciare le nostre prestazioni tra guida veloce e sicura finendo la gara anche al meglio possibile con prestazioni importanti in ogni prova.<\/p>\n<p>Questa \u00e8 stata la nostra prima gara come concorrente ufficiale per Tok Sport che voglio ringraziare molto per il lavoro svolto. Non c\u2019\u00e8 molto da dire, solo che sono una squadra perfetta con una macchina perfetta!\u201d<\/p>\n<p>Ottimo l\u2019avvio iridato anche di Brazzoli terzo di WRC-3, quindi acquisendo i primi punti iridati della stagione, al termine di una gara sofferta in avvio, ma portata a termine con determinazione. Gi\u00e0 vincitore del titolo iridato del WRC3 nel 2018 (e iridato anche nella categoria GT nel 2019), Brazzoli, \u00e8 tornato a competere in pianta stabile nella categoria ripartendo con nuovi stimoli ed una nuova vettura, la Ford Fiesta Rally 3 del Team JME, struttura italiana giovane e dinamica. Un risultato raggiunto importante, quello del driver cuneese, nonostante una prima tappa caratterizzata dalla rottura del cambio, poi sostituito con grande maestria dai dai tecnici del team, permettendogli di ripartire per il secondo giorno e terminare con soddisfazione la competizione monegasca.<\/p>\n<p>\u201cSiamo molto soddisfatti di questo risultato\u00a0\u2013 commenta Brazzoli \u2013\u00a0raggiunto nonostante una prima tappa rallentata dalla rottura del cambio, poi sostituito con grande maestria dai ragazzi del nostro Team permettendoci d\u00ec ripartire per il secondo giorno. Vettura nuova che si \u00e8 dimostrata molto performante, sia in termini d\u00ec motore che in termini di assetto e prova dopo prova ci ha permesso d\u00ec migliorarne il feeling. Indubbiamente dovremmo ancora lavorare ma siamo partiti assai bene!<\/p>\n<p>Voglio ringraziare il mio navigatore Manuel Fenoli tutto il team d\u00ec\u00a0Marco Savini,\u00a0Movisport, i miei ricognitori che hanno svolto un lavoro eccellente e determinante, e tutti gli sponsor che permettono tutto questo\u201d.<\/p>\n","protected":false},"excerpt":{"rendered":"","protected":false},"author":10,"featured_media":45153,"comment_status":"open","ping_status":"closed","sticky":false,"template":"","format":"standard","meta":[],"categories":[10],"tags":[],"news-destination":[],"news-source":[],"is_homepage":[],"ta_other":[],"_links":{"self":[{"href":"https:\/\/www.ilmercoledi.news\/ilmercoledi\/news\/wp-json\/wp\/v2\/posts\/45154"}],"collection":[{"href":"https:\/\/www.ilmercoledi.news\/ilmercoledi\/news\/wp-json\/wp\/v2\/posts"}],"about":[{"href":"https:\/\/www.ilmercoledi.news\/ilmercoledi\/news\/wp-json\/wp\/v2\/types\/post"}],"author":[{"embeddable":true,"href":"https:\/\/www.ilmercoledi.news\/ilmercoledi\/news\/wp-json\/wp\/v2\/users\/10"}],"replies":[{"embeddable":true,"href":"https:\/\/www.ilmercoledi.news\/ilmercoledi\/news\/wp-json\/wp\/v2\/comments?post=45154"}],"version-history":[{"count":1,"href":"https:\/\/www.ilmercoledi.news\/ilmercoledi\/news\/wp-json\/wp\/v2\/posts\/45154\/revisions"}],"predecessor-version":[{"id":45169,"href":"https:\/\/www.ilmercoledi.news\/ilmercoledi\/news\/wp-json\/wp\/v2\/posts\/45154\/revisions\/45169"}],"wp:featuredmedia":[{"embeddable":true,"href":"https:\/\/www.ilmercoledi.news\/ilmercoledi\/news\/wp-json\/wp\/v2\/media\/45153"}],"wp:attachment":[{"href":"https:\/\/www.ilmercoledi.news\/ilmercoledi\/news\/wp-json\/wp\/v2\/media?parent=45154"}],"wp:term":[{"taxonomy":"category","embeddable":true,"href":"https:\/\/www.ilmercoledi.news\/ilmercoledi\/news\/wp-json\/wp\/v2\/categories?post=45154"},{"taxonomy":"post_tag","embeddable":true,"href":"https:\/\/www.ilmercoledi.news\/ilmercoledi\/news\/wp-json\/wp\/v2\/tags?post=45154"},{"taxonomy":"news-destination","embeddable":true,"href":"https:\/\/www.ilmercoledi.news\/ilmercoledi\/news\/wp-json\/wp\/v2\/news-destination?post=45154"},{"taxonomy":"news-source","embeddable":true,"href":"https:\/\/www.ilmercoledi.news\/ilmercoledi\/news\/wp-json\/wp\/v2\/news-source?post=45154"},{"taxonomy":"is_homepage","embeddable":true,"href":"https:\/\/www.ilmercoledi.news\/ilmercoledi\/news\/wp-json\/wp\/v2\/is_homepage?post=45154"},{"taxonomy":"ta_other","embeddable":true,"href":"https:\/\/www.ilmercoledi.news\/ilmercoledi\/news\/wp-json\/wp\/v2\/ta_other?post=45154"}],"curies":[{"name":"wp","href":"https:\/\/api.w.org\/{rel}","templated":true}]}}