{"id":45195,"date":"2022-01-28T08:36:25","date_gmt":"2022-01-28T07:36:25","guid":{"rendered":"https:\/\/www-ilmercoledi-news-*.sitenm.com\/?p=45195"},"modified":"2022-01-28T08:37:42","modified_gmt":"2022-01-28T07:37:42","slug":"il-rally-di-alba-sara-valido-per-il-nazionale","status":"publish","type":"post","link":"https:\/\/www.ilmercoledi.news\/2022\/01\/28\/il-rally-di-alba-sara-valido-per-il-nazionale\/","title":{"rendered":"Il Rally di Alba sar\u00e0  valido per il Nazionale"},"content":{"rendered":"<p>La notizia non \u00e8 di questi giorni, gi\u00e0 alla fine dell\u2019anno passato la Federazione ACI SPORT aveva confermato quella che sar\u00e0 una delle novit\u00e0 del\u00a0<strong>Campionato Italiano Assoluto Rally-Sparco (C.I.A.R.)<\/strong>\u00a0per il 2022, l\u2019aver ufficializzato l\u2019ingresso nella massima serie tricolore di corse su strada del\u00a0<strong>16\u00b0<\/strong>\u00a0<strong>Rally di Alba<\/strong>. L\u2019organizzazione di\u00a0<strong>Cinzano Rally Team, insieme all\u2019Automobile Club Cuneo,<\/strong>\u00a0con ampia soddisfazione e grande orgoglio proporranno \u00a0l\u2019evento per il\u00a0<strong>24-25 giugno, quarta prova in calendario.<\/strong>Si tratter\u00e0 di un\u2019edizione importante, dato che sancir\u00e0 sempre pi\u00f9 il ruolo fondamentale che il\u00a0<strong>Rally di Alba-Trofeo Silvio Stroppiana<\/strong>\u00a0svolge sia nel contesto delle corse su strada italiane che per il territorio, del quale \u00e8 ideale ambasciatore nel motorsport.<\/p>\n<p>In pochi anni il Rally di Alba \u00e8 diventato uno degli eventi pi\u00f9 apprezzati in Italia, con forti interessi mostrati anche dall\u2019estero, grazie ad un\u2019organizzazione capace di soddisfare le esigenze dei rallies moderni con un percorso tecnico, difficile da interpretare e certamente anche affascinante, che ha sempre lasciato la propria traccia nella stagione come anche nel cuore di chi vi ha corso.<\/p>\n<p>L\u2019edizione 2022 segner\u00e0 dunque il debutto dell\u2019evento di Cinzano Rally Team al fianco di altre competizioni blasonate, un novero di gare che si identifica come l\u2019eccellenza delle corse su strada nazionali e per questa \u201cprima\u201d lo staff organizzativo lavora gi\u00e0 a pieno ritmo per arrivare a fine giugno a proporre una gara di alto profilo.<\/p>\n<p>Alto profilo dato, oltre che del dal Campionato Italiano (che avr\u00e0 i chilometraggi allungati rispetto al 2020 e 2021, sino a 120 km di prove con la formula di 4 prove diverse per due volte pi\u00f9 la \u201cpower stage\u201d), anche dalla validit\u00e0 per la<strong>\u00a0Coppa Rally di Zona (CRZ),<\/strong>\u00a0il quale avr\u00e0 una distanza ridotta, secondo i regolamenti vigenti.<\/p>\n<p>Il Rally di Alba arriver\u00e0 a met\u00e0 del cammino di Campionato, assegner\u00e0 punti \u201cpesanti\u201d sia per i Conduttori che per i Costruttori, quello Assoluto e Due Ruote Motrici, con quattro titoli distinti, per il\u00a0<strong>Campionato Italiano Rally Promozione \u2013 Sparco<\/strong>, che prevede un titolo anche per le Due Ruote Motrici, per il\u00a0<strong>Campionato Italiano R1<\/strong>, oltre ad annunciare le numerose\u00a0<strong>Coppe ACI Sport.<\/strong><\/p>\n<p>Il disegno della gara vedr\u00e0 coinvolte, oltre alle validit\u00e0 previste, anche le vetture\u00a0World Rally Car \u201cplus\u201d nella consueta corsa a loro riservata, il\u00a0<strong>#RAplus.<\/strong><\/p>\n<p><strong>Passione, Internazionalit\u00e0 &amp; Territorio,<\/strong>\u00a0sono le parole chiave, il leit-motiv che per l\u2019edizione 2022 ispirer\u00e0 e far\u00e0 muovere il Rally di Alba, non un evento sportivo fine a se stesso ma anche un importantissimo vol\u00e0no per l\u2019economia turistica e ricettiva dell\u2019intero\u00a0<strong>comprensorio\u00a0<\/strong><strong>Langhe-Monferrato-Roero, patrimonio Unesco.<\/strong>\u00a0Nei due anni precedenti il Rally di Alba ha registrato un alto numero di iscritti, 162 nel 2020 e ben 189 nel 2021, costantemente con oltre dieci nazioni rappresentate, solo questi dati fanno capire cosa ha mosso l\u2019evento in termini di incoming con il turismo emozionale al seguito.\u201cSiamo pronti, insieme ad ACI Cuneo,\u00a0per un\u2019edizione unica, che segna un punto di arrivo importante del nostro lavoro e per il nostro territorio \u2013\u00a0<strong>dichiara Bruno Montanaro, presidente di Cinzano Rally Team<\/strong>\u2013\u00a0\u00a0Ma sar\u00e0 anche un punto di partenza per migliorarci sempre di pi\u00f9, per conferire valore allo sport ed ai nostri luoghi. Sembra ieri quando abbiamo iniziato questa appassionante avventura sportiva, eppure siamo gi\u00e0 alla sedicesima edizione della gara, stagioni ricche di impegno, di duro lavoro ma anche di soddisfazioni e successi. Siamo da tempo al lavoro per continuare in questa grande avventura che per certi versi \u00e8 stata anche una scommessa, per garantire al Campionato Italiano Assoluto Rally-Sparco ed ai suoi attori tutta la qualit\u00e0 di cui hanno bisogno\u201d.<\/p>\n","protected":false},"excerpt":{"rendered":"","protected":false},"author":10,"featured_media":45194,"comment_status":"open","ping_status":"closed","sticky":false,"template":"","format":"standard","meta":[],"categories":[10],"tags":[],"news-destination":[],"news-source":[],"is_homepage":[],"ta_other":[],"_links":{"self":[{"href":"https:\/\/www.ilmercoledi.news\/ilmercoledi\/news\/wp-json\/wp\/v2\/posts\/45195"}],"collection":[{"href":"https:\/\/www.ilmercoledi.news\/ilmercoledi\/news\/wp-json\/wp\/v2\/posts"}],"about":[{"href":"https:\/\/www.ilmercoledi.news\/ilmercoledi\/news\/wp-json\/wp\/v2\/types\/post"}],"author":[{"embeddable":true,"href":"https:\/\/www.ilmercoledi.news\/ilmercoledi\/news\/wp-json\/wp\/v2\/users\/10"}],"replies":[{"embeddable":true,"href":"https:\/\/www.ilmercoledi.news\/ilmercoledi\/news\/wp-json\/wp\/v2\/comments?post=45195"}],"version-history":[{"count":0,"href":"https:\/\/www.ilmercoledi.news\/ilmercoledi\/news\/wp-json\/wp\/v2\/posts\/45195\/revisions"}],"wp:featuredmedia":[{"embeddable":true,"href":"https:\/\/www.ilmercoledi.news\/ilmercoledi\/news\/wp-json\/wp\/v2\/media\/45194"}],"wp:attachment":[{"href":"https:\/\/www.ilmercoledi.news\/ilmercoledi\/news\/wp-json\/wp\/v2\/media?parent=45195"}],"wp:term":[{"taxonomy":"category","embeddable":true,"href":"https:\/\/www.ilmercoledi.news\/ilmercoledi\/news\/wp-json\/wp\/v2\/categories?post=45195"},{"taxonomy":"post_tag","embeddable":true,"href":"https:\/\/www.ilmercoledi.news\/ilmercoledi\/news\/wp-json\/wp\/v2\/tags?post=45195"},{"taxonomy":"news-destination","embeddable":true,"href":"https:\/\/www.ilmercoledi.news\/ilmercoledi\/news\/wp-json\/wp\/v2\/news-destination?post=45195"},{"taxonomy":"news-source","embeddable":true,"href":"https:\/\/www.ilmercoledi.news\/ilmercoledi\/news\/wp-json\/wp\/v2\/news-source?post=45195"},{"taxonomy":"is_homepage","embeddable":true,"href":"https:\/\/www.ilmercoledi.news\/ilmercoledi\/news\/wp-json\/wp\/v2\/is_homepage?post=45195"},{"taxonomy":"ta_other","embeddable":true,"href":"https:\/\/www.ilmercoledi.news\/ilmercoledi\/news\/wp-json\/wp\/v2\/ta_other?post=45195"}],"curies":[{"name":"wp","href":"https:\/\/api.w.org\/{rel}","templated":true}]}}