{"id":45222,"date":"2022-01-28T12:01:50","date_gmt":"2022-01-28T11:01:50","guid":{"rendered":"https:\/\/www-ilmercoledi-news-*.sitenm.com\/?p=45222"},"modified":"2022-01-28T12:02:39","modified_gmt":"2022-01-28T11:02:39","slug":"la-pastorale-sociale-e-del-lavoro-della-diocesi-di-torino-propone-incontri-per-reggere-lo-squilibrio","status":"publish","type":"post","link":"https:\/\/www.ilmercoledi.news\/2022\/01\/28\/la-pastorale-sociale-e-del-lavoro-della-diocesi-di-torino-propone-incontri-per-reggere-lo-squilibrio\/","title":{"rendered":"La Pastorale Sociale e del lavoro della Diocesi di Torino propone incontri per \u201cReggere lo squilibrio\u201d"},"content":{"rendered":"<p>\u201cReggere lo squilibrio\u201d \u00e8 il titolo di un ciclo di incontri promossi dall\u2019Ufficio di Pastorale Sociale e del lavoro dell\u2019Arcidiocesi di Torino. Il primo appuntamento sar\u00e0\u00a04 febbraio prossimo alle ore 18,\u00a0online sulla piattaforma Zoom (raggiungibile al link https:\/\/us02web.zoom.us\/webinar\/register\/WN_cTctA3h1SwSHzth6TuTqFg).<\/p>\n<p>Il filo conduttore di tutti gli incontri sar\u00e0 il\u00a0Piano Nazionale di Ripresa e Resilienza.<\/p>\n<p>Spiegano gli organizzatori: \u201cIl PNRR, nell\u2019ambito del programma europeo\u00a0Next Generation EU, rappresenta un\u2019occasione imperdibile di rilancio del nostro Paese, dei nostri territori e dell\u2019Europa intera. Per questo motivo \u00e8 sembrato importante organizzare un momento di approfondimento e dibattito sugli ambiti e i temi toccati dal piano nazionale, cercando di contestualizzarne il funzionamento e gli effetti sia nel quadro europeo, sia soprattutto in quello italiano e piemontese: pare fondamentale infatti interrogarsi sulle possibilit\u00e0 offerte dal PNRR al nostro territorio, in particolare in relazione alle sue criticit\u00e0 e potenzialit\u00e0. Inoltre, \u00e8 sembrato importante offrire tale occasione di approfondimento al fine di costruire un\u2019opinione pubblica il pi\u00f9 possibile informata su di un tema che interessa le prospettive future della nostra societ\u00e0 e in cui il ruolo decisionale della politica \u00e8 determinante\u201d.<\/p>\n<p>Il primo incontro,\u00a0\u201cIl PNRR, l\u2019Italia e l\u2019Europa. Genesi del\u00a0Next Generation EU\u00a0e premesse per nuovi modelli di sviluppo sostenibile\u201d, vedr\u00e0 l\u2019intervento di Franco Chittolina, presidente dell\u2019associazione Apiceuropa, e Giuliana Fenu, direttrice per la Competitivit\u00e0 del sistema regionale della Regione Piemonte. L\u2019accesso all\u2019incontro \u00e8 libero.<\/p>\n","protected":false},"excerpt":{"rendered":"","protected":false},"author":4,"featured_media":45221,"comment_status":"open","ping_status":"closed","sticky":false,"template":"","format":"standard","meta":[],"categories":[9],"tags":[],"news-destination":[],"news-source":[],"is_homepage":[],"ta_other":[],"_links":{"self":[{"href":"https:\/\/www.ilmercoledi.news\/ilmercoledi\/news\/wp-json\/wp\/v2\/posts\/45222"}],"collection":[{"href":"https:\/\/www.ilmercoledi.news\/ilmercoledi\/news\/wp-json\/wp\/v2\/posts"}],"about":[{"href":"https:\/\/www.ilmercoledi.news\/ilmercoledi\/news\/wp-json\/wp\/v2\/types\/post"}],"author":[{"embeddable":true,"href":"https:\/\/www.ilmercoledi.news\/ilmercoledi\/news\/wp-json\/wp\/v2\/users\/4"}],"replies":[{"embeddable":true,"href":"https:\/\/www.ilmercoledi.news\/ilmercoledi\/news\/wp-json\/wp\/v2\/comments?post=45222"}],"version-history":[{"count":0,"href":"https:\/\/www.ilmercoledi.news\/ilmercoledi\/news\/wp-json\/wp\/v2\/posts\/45222\/revisions"}],"wp:featuredmedia":[{"embeddable":true,"href":"https:\/\/www.ilmercoledi.news\/ilmercoledi\/news\/wp-json\/wp\/v2\/media\/45221"}],"wp:attachment":[{"href":"https:\/\/www.ilmercoledi.news\/ilmercoledi\/news\/wp-json\/wp\/v2\/media?parent=45222"}],"wp:term":[{"taxonomy":"category","embeddable":true,"href":"https:\/\/www.ilmercoledi.news\/ilmercoledi\/news\/wp-json\/wp\/v2\/categories?post=45222"},{"taxonomy":"post_tag","embeddable":true,"href":"https:\/\/www.ilmercoledi.news\/ilmercoledi\/news\/wp-json\/wp\/v2\/tags?post=45222"},{"taxonomy":"news-destination","embeddable":true,"href":"https:\/\/www.ilmercoledi.news\/ilmercoledi\/news\/wp-json\/wp\/v2\/news-destination?post=45222"},{"taxonomy":"news-source","embeddable":true,"href":"https:\/\/www.ilmercoledi.news\/ilmercoledi\/news\/wp-json\/wp\/v2\/news-source?post=45222"},{"taxonomy":"is_homepage","embeddable":true,"href":"https:\/\/www.ilmercoledi.news\/ilmercoledi\/news\/wp-json\/wp\/v2\/is_homepage?post=45222"},{"taxonomy":"ta_other","embeddable":true,"href":"https:\/\/www.ilmercoledi.news\/ilmercoledi\/news\/wp-json\/wp\/v2\/ta_other?post=45222"}],"curies":[{"name":"wp","href":"https:\/\/api.w.org\/{rel}","templated":true}]}}