{"id":45405,"date":"2022-02-09T06:57:52","date_gmt":"2022-02-09T05:57:52","guid":{"rendered":"https:\/\/www-ilmercoledi-news-*.sitenm.com\/?p=45405"},"modified":"2022-02-09T07:03:31","modified_gmt":"2022-02-09T06:03:31","slug":"nichelino-nasce-il-nuovo-parcheggio-vicino-alla-stazione","status":"publish","type":"post","link":"https:\/\/www.ilmercoledi.news\/2022\/02\/09\/nichelino-nasce-il-nuovo-parcheggio-vicino-alla-stazione\/","title":{"rendered":"NICHELINO &#8211; Nasce il nuovo parcheggio vicino alla stazione"},"content":{"rendered":"<p>Nasce il nuovo parcheggio vicino alla stazione di Nichelino. Verr\u00e0 inaugurato nella primavera. L\u2019Amministrazione Comunale aveva proposto al Gruppo Rfi di realizzare su quell&#8217;area un parcheggio pubblico di interscambio a servizio della cittadinanza, manifestando la volont\u00e0 di prenderne in carico la successiva manutenzione ordinaria e straordinaria nonch\u00e8 la pulizia della stessa. &#8220;Ed \u00e8 quello messo nero su bianco nella delibera di giunta approvata oggi (ieri, ndr) &#8211; spiega l&#8217;assessore Giorgia Ruggiero -, visto che la richiesta era stata accolta con favore da Rfi. Una ditta, da loro incaricata, ha avviato i lavori di realizzazione del parcheggio. Cantieri che sono quasi ultimati e a breve la nostra citt\u00e0 potr\u00e0 beneficiare di un servizio molto importante, soprattutto in quella fetta di territorio&#8221;.<\/p>\n","protected":false},"excerpt":{"rendered":"","protected":false},"author":11,"featured_media":45404,"comment_status":"open","ping_status":"closed","sticky":false,"template":"","format":"standard","meta":[],"categories":[34],"tags":[],"news-destination":[],"news-source":[],"is_homepage":[],"ta_other":[],"_links":{"self":[{"href":"https:\/\/www.ilmercoledi.news\/ilmercoledi\/news\/wp-json\/wp\/v2\/posts\/45405"}],"collection":[{"href":"https:\/\/www.ilmercoledi.news\/ilmercoledi\/news\/wp-json\/wp\/v2\/posts"}],"about":[{"href":"https:\/\/www.ilmercoledi.news\/ilmercoledi\/news\/wp-json\/wp\/v2\/types\/post"}],"author":[{"embeddable":true,"href":"https:\/\/www.ilmercoledi.news\/ilmercoledi\/news\/wp-json\/wp\/v2\/users\/11"}],"replies":[{"embeddable":true,"href":"https:\/\/www.ilmercoledi.news\/ilmercoledi\/news\/wp-json\/wp\/v2\/comments?post=45405"}],"version-history":[{"count":1,"href":"https:\/\/www.ilmercoledi.news\/ilmercoledi\/news\/wp-json\/wp\/v2\/posts\/45405\/revisions"}],"predecessor-version":[{"id":45406,"href":"https:\/\/www.ilmercoledi.news\/ilmercoledi\/news\/wp-json\/wp\/v2\/posts\/45405\/revisions\/45406"}],"wp:featuredmedia":[{"embeddable":true,"href":"https:\/\/www.ilmercoledi.news\/ilmercoledi\/news\/wp-json\/wp\/v2\/media\/45404"}],"wp:attachment":[{"href":"https:\/\/www.ilmercoledi.news\/ilmercoledi\/news\/wp-json\/wp\/v2\/media?parent=45405"}],"wp:term":[{"taxonomy":"category","embeddable":true,"href":"https:\/\/www.ilmercoledi.news\/ilmercoledi\/news\/wp-json\/wp\/v2\/categories?post=45405"},{"taxonomy":"post_tag","embeddable":true,"href":"https:\/\/www.ilmercoledi.news\/ilmercoledi\/news\/wp-json\/wp\/v2\/tags?post=45405"},{"taxonomy":"news-destination","embeddable":true,"href":"https:\/\/www.ilmercoledi.news\/ilmercoledi\/news\/wp-json\/wp\/v2\/news-destination?post=45405"},{"taxonomy":"news-source","embeddable":true,"href":"https:\/\/www.ilmercoledi.news\/ilmercoledi\/news\/wp-json\/wp\/v2\/news-source?post=45405"},{"taxonomy":"is_homepage","embeddable":true,"href":"https:\/\/www.ilmercoledi.news\/ilmercoledi\/news\/wp-json\/wp\/v2\/is_homepage?post=45405"},{"taxonomy":"ta_other","embeddable":true,"href":"https:\/\/www.ilmercoledi.news\/ilmercoledi\/news\/wp-json\/wp\/v2\/ta_other?post=45405"}],"curies":[{"name":"wp","href":"https:\/\/api.w.org\/{rel}","templated":true}]}}