{"id":45541,"date":"2022-02-17T14:33:10","date_gmt":"2022-02-17T13:33:10","guid":{"rendered":"https:\/\/www-ilmercoledi-news-*.sitenm.com\/?p=45541"},"modified":"2022-02-17T14:33:52","modified_gmt":"2022-02-17T13:33:52","slug":"trofarello-perde-lequilibrio-e-cade-tra-le-auto-in-transito-paura-in-via-torino","status":"publish","type":"post","link":"https:\/\/www.ilmercoledi.news\/2022\/02\/17\/trofarello-perde-lequilibrio-e-cade-tra-le-auto-in-transito-paura-in-via-torino\/","title":{"rendered":"TROFARELLO &#8211; Perde l&#8217;equilibrio e cade tra le auto in transito: paura in via Torino"},"content":{"rendered":"<p>Paura nel pomeriggio di ieri a Trofarello, dove una donna di 69 anni \u00e8 finita in ospedale per una brutta caduta in mezzo a via Torino mentre passavano le macchine. Secondo le ricostruzioni, stava attraversando la strada quando nel scendere dal gradino ha perso l&#8217;equilibrio ed \u00e8 caduta in mezzo alla strada con le auto in transito. Per fortuna erano a velocit\u00e0 molto ridotta per il traffico e la macchina su cui la donna \u00e8 piombata non l&#8217;ha investita in pieno. Il conducente \u00e8 sceso, offrendo il primo soccorso per poi chiamare i carabinieri.<\/p>\n","protected":false},"excerpt":{"rendered":"","protected":false},"author":11,"featured_media":24067,"comment_status":"open","ping_status":"closed","sticky":false,"template":"","format":"standard","meta":[],"categories":[34],"tags":[],"news-destination":[],"news-source":[],"is_homepage":[],"ta_other":[],"_links":{"self":[{"href":"https:\/\/www.ilmercoledi.news\/ilmercoledi\/news\/wp-json\/wp\/v2\/posts\/45541"}],"collection":[{"href":"https:\/\/www.ilmercoledi.news\/ilmercoledi\/news\/wp-json\/wp\/v2\/posts"}],"about":[{"href":"https:\/\/www.ilmercoledi.news\/ilmercoledi\/news\/wp-json\/wp\/v2\/types\/post"}],"author":[{"embeddable":true,"href":"https:\/\/www.ilmercoledi.news\/ilmercoledi\/news\/wp-json\/wp\/v2\/users\/11"}],"replies":[{"embeddable":true,"href":"https:\/\/www.ilmercoledi.news\/ilmercoledi\/news\/wp-json\/wp\/v2\/comments?post=45541"}],"version-history":[{"count":0,"href":"https:\/\/www.ilmercoledi.news\/ilmercoledi\/news\/wp-json\/wp\/v2\/posts\/45541\/revisions"}],"wp:featuredmedia":[{"embeddable":true,"href":"https:\/\/www.ilmercoledi.news\/ilmercoledi\/news\/wp-json\/wp\/v2\/media\/24067"}],"wp:attachment":[{"href":"https:\/\/www.ilmercoledi.news\/ilmercoledi\/news\/wp-json\/wp\/v2\/media?parent=45541"}],"wp:term":[{"taxonomy":"category","embeddable":true,"href":"https:\/\/www.ilmercoledi.news\/ilmercoledi\/news\/wp-json\/wp\/v2\/categories?post=45541"},{"taxonomy":"post_tag","embeddable":true,"href":"https:\/\/www.ilmercoledi.news\/ilmercoledi\/news\/wp-json\/wp\/v2\/tags?post=45541"},{"taxonomy":"news-destination","embeddable":true,"href":"https:\/\/www.ilmercoledi.news\/ilmercoledi\/news\/wp-json\/wp\/v2\/news-destination?post=45541"},{"taxonomy":"news-source","embeddable":true,"href":"https:\/\/www.ilmercoledi.news\/ilmercoledi\/news\/wp-json\/wp\/v2\/news-source?post=45541"},{"taxonomy":"is_homepage","embeddable":true,"href":"https:\/\/www.ilmercoledi.news\/ilmercoledi\/news\/wp-json\/wp\/v2\/is_homepage?post=45541"},{"taxonomy":"ta_other","embeddable":true,"href":"https:\/\/www.ilmercoledi.news\/ilmercoledi\/news\/wp-json\/wp\/v2\/ta_other?post=45541"}],"curies":[{"name":"wp","href":"https:\/\/api.w.org\/{rel}","templated":true}]}}