{"id":45592,"date":"2022-02-22T06:55:19","date_gmt":"2022-02-22T05:55:19","guid":{"rendered":"https:\/\/www-ilmercoledi-news-*.sitenm.com\/?p=45592"},"modified":"2022-02-22T06:56:16","modified_gmt":"2022-02-22T05:56:16","slug":"covid-quarta-dose-agli-immunodepressi-dal-1-marzo","status":"publish","type":"post","link":"https:\/\/www.ilmercoledi.news\/2022\/02\/22\/covid-quarta-dose-agli-immunodepressi-dal-1-marzo\/","title":{"rendered":"COVID &#8211; Quarta dose agli immunodepressi dal 1 marzo"},"content":{"rendered":"<p>Il Piemonte, dal 1\u00b0 marzo secondo quanto comunicato oggi dalla Struttura commissariale del generale Figliuolo, \u00e8 pronto per la somministrazione della dose booster alle persone immunodepresse che hanno gi\u00e0 completato, con due dosi pi\u00f9 una addizionale, il ciclo vaccinale primario.<\/p>\n<p>\u201cNoi siamo prontissimi a fare ci\u00f2 che il Governo ci chiede &#8211; ha precisato il presidente Cirio &#8211; Mi auguro solo che ci sia chiarezza: ne abbiamo bisogno per noi, che siamo operativi e pronti per andare avanti, e per i cittadini, che devono avere certezze e informazioni molto chiare e fondate dalla comunit\u00e0 scientifica nazionale\u201d.<\/p>\n","protected":false},"excerpt":{"rendered":"","protected":false},"author":11,"featured_media":45529,"comment_status":"open","ping_status":"closed","sticky":false,"template":"","format":"standard","meta":[],"categories":[34],"tags":[],"news-destination":[],"news-source":[],"is_homepage":[],"ta_other":[],"_links":{"self":[{"href":"https:\/\/www.ilmercoledi.news\/ilmercoledi\/news\/wp-json\/wp\/v2\/posts\/45592"}],"collection":[{"href":"https:\/\/www.ilmercoledi.news\/ilmercoledi\/news\/wp-json\/wp\/v2\/posts"}],"about":[{"href":"https:\/\/www.ilmercoledi.news\/ilmercoledi\/news\/wp-json\/wp\/v2\/types\/post"}],"author":[{"embeddable":true,"href":"https:\/\/www.ilmercoledi.news\/ilmercoledi\/news\/wp-json\/wp\/v2\/users\/11"}],"replies":[{"embeddable":true,"href":"https:\/\/www.ilmercoledi.news\/ilmercoledi\/news\/wp-json\/wp\/v2\/comments?post=45592"}],"version-history":[{"count":0,"href":"https:\/\/www.ilmercoledi.news\/ilmercoledi\/news\/wp-json\/wp\/v2\/posts\/45592\/revisions"}],"wp:featuredmedia":[{"embeddable":true,"href":"https:\/\/www.ilmercoledi.news\/ilmercoledi\/news\/wp-json\/wp\/v2\/media\/45529"}],"wp:attachment":[{"href":"https:\/\/www.ilmercoledi.news\/ilmercoledi\/news\/wp-json\/wp\/v2\/media?parent=45592"}],"wp:term":[{"taxonomy":"category","embeddable":true,"href":"https:\/\/www.ilmercoledi.news\/ilmercoledi\/news\/wp-json\/wp\/v2\/categories?post=45592"},{"taxonomy":"post_tag","embeddable":true,"href":"https:\/\/www.ilmercoledi.news\/ilmercoledi\/news\/wp-json\/wp\/v2\/tags?post=45592"},{"taxonomy":"news-destination","embeddable":true,"href":"https:\/\/www.ilmercoledi.news\/ilmercoledi\/news\/wp-json\/wp\/v2\/news-destination?post=45592"},{"taxonomy":"news-source","embeddable":true,"href":"https:\/\/www.ilmercoledi.news\/ilmercoledi\/news\/wp-json\/wp\/v2\/news-source?post=45592"},{"taxonomy":"is_homepage","embeddable":true,"href":"https:\/\/www.ilmercoledi.news\/ilmercoledi\/news\/wp-json\/wp\/v2\/is_homepage?post=45592"},{"taxonomy":"ta_other","embeddable":true,"href":"https:\/\/www.ilmercoledi.news\/ilmercoledi\/news\/wp-json\/wp\/v2\/ta_other?post=45592"}],"curies":[{"name":"wp","href":"https:\/\/api.w.org\/{rel}","templated":true}]}}