{"id":45657,"date":"2022-02-24T15:01:25","date_gmt":"2022-02-24T14:01:25","guid":{"rendered":"https:\/\/www-ilmercoledi-news-*.sitenm.com\/?p=45657"},"modified":"2022-02-24T15:02:08","modified_gmt":"2022-02-24T14:02:08","slug":"nichelino-vietato-sognare-incontro-con-la-giornalista-e-fotoreporter-andreja-restek","status":"publish","type":"post","link":"https:\/\/www.ilmercoledi.news\/2022\/02\/24\/nichelino-vietato-sognare-incontro-con-la-giornalista-e-fotoreporter-andreja-restek\/","title":{"rendered":"NICHELINO &#8211; &#8216;Vietato sognare&#8217; &#8211; Incontro con la giornalista e fotoreporter Andreja Restek"},"content":{"rendered":"<p>La giornalista e fotografa\u00a0Andreja Restek\u00a0sar\u00e0 ospite,\u00a0venerd\u00ec 4 marzo 2022, alle ore 21.00\u00a0presso il\u00a0Centro d\u2019Incontro \u201cNicola Grosa\u201d, per raccontare e condividere, attraverso la sua attivit\u00e0 di reporter di guerra, le storie dei luoghi dilaniati dai conflitti contemporanei. Dalla Siria all\u2019Ucraina, dai Balcani all\u2019Africa seguendo guerre, carestie e rotte dei rifugiati, l\u2019incontro, organizzato dall\u2019Assessorato alla Pace della Citt\u00e0 di Nichelino, in collaborazione con il Tavolo della Pace di Nichelino, vuole offrire alla cittadinanza la possibilit\u00e0 di dialogare e confrontarsi su drammatici temi di scottante attualit\u00e0.<\/p>\n<p>\u00abIn questo delicato momento\u00a0&#8211;\u00a0dichiara l\u2019Assessore alla Pace Alessandro Azzolina -,\u00a0segnato purtroppo da venti di guerra che tornano a soffiare alle porte dell\u2019Europa, portare a Nichelino le testimonianze preziose di una fotoreporter di guerra come Andreja Restek \u00e8 un\u2019occasione davvero importante per tutti. Attraverso i racconti e le immagini di Restek possiamo riflettere su cosa sia realmente la guerra e vedere il suo concreto volto: quello lacerato dai bombardamenti e dagli scontri impressi in uno sguardo cos\u00ec diretto e particolare\u00bb.<\/p>\n<p>L\u2019incontro \u00e8 anche preludio della\u00a0Marcia della Pace, organizzata dall\u2019Assessorato della Pace insieme alla Tavola della Pace, che si terr\u00e0\u00a0sabato 19 marzo 2022\u00a0con partenza del corteo alle ore 14.30 da Piazza Aldo Moro. \u00ab\u00c8 un onore per noi \u2013\u00a0spiega il Sindaco Giampiero Tolardo -, soprattutto in questo momento di grande preoccupazione internazionale, ospitare una straordinaria fotoreporter come Andreja Restek: una donna che con talento, sensibilit\u00e0 e coraggio ha raccontato momenti di guerra in contesti difficili\u00bb. Ingresso libero fino a esaurimento posti, con Green pass rafforzato.<\/p>\n<p>&nbsp;<\/p>\n","protected":false},"excerpt":{"rendered":"","protected":false},"author":11,"featured_media":45656,"comment_status":"open","ping_status":"closed","sticky":false,"template":"","format":"standard","meta":[],"categories":[34],"tags":[],"news-destination":[],"news-source":[],"is_homepage":[],"ta_other":[],"_links":{"self":[{"href":"https:\/\/www.ilmercoledi.news\/ilmercoledi\/news\/wp-json\/wp\/v2\/posts\/45657"}],"collection":[{"href":"https:\/\/www.ilmercoledi.news\/ilmercoledi\/news\/wp-json\/wp\/v2\/posts"}],"about":[{"href":"https:\/\/www.ilmercoledi.news\/ilmercoledi\/news\/wp-json\/wp\/v2\/types\/post"}],"author":[{"embeddable":true,"href":"https:\/\/www.ilmercoledi.news\/ilmercoledi\/news\/wp-json\/wp\/v2\/users\/11"}],"replies":[{"embeddable":true,"href":"https:\/\/www.ilmercoledi.news\/ilmercoledi\/news\/wp-json\/wp\/v2\/comments?post=45657"}],"version-history":[{"count":0,"href":"https:\/\/www.ilmercoledi.news\/ilmercoledi\/news\/wp-json\/wp\/v2\/posts\/45657\/revisions"}],"wp:featuredmedia":[{"embeddable":true,"href":"https:\/\/www.ilmercoledi.news\/ilmercoledi\/news\/wp-json\/wp\/v2\/media\/45656"}],"wp:attachment":[{"href":"https:\/\/www.ilmercoledi.news\/ilmercoledi\/news\/wp-json\/wp\/v2\/media?parent=45657"}],"wp:term":[{"taxonomy":"category","embeddable":true,"href":"https:\/\/www.ilmercoledi.news\/ilmercoledi\/news\/wp-json\/wp\/v2\/categories?post=45657"},{"taxonomy":"post_tag","embeddable":true,"href":"https:\/\/www.ilmercoledi.news\/ilmercoledi\/news\/wp-json\/wp\/v2\/tags?post=45657"},{"taxonomy":"news-destination","embeddable":true,"href":"https:\/\/www.ilmercoledi.news\/ilmercoledi\/news\/wp-json\/wp\/v2\/news-destination?post=45657"},{"taxonomy":"news-source","embeddable":true,"href":"https:\/\/www.ilmercoledi.news\/ilmercoledi\/news\/wp-json\/wp\/v2\/news-source?post=45657"},{"taxonomy":"is_homepage","embeddable":true,"href":"https:\/\/www.ilmercoledi.news\/ilmercoledi\/news\/wp-json\/wp\/v2\/is_homepage?post=45657"},{"taxonomy":"ta_other","embeddable":true,"href":"https:\/\/www.ilmercoledi.news\/ilmercoledi\/news\/wp-json\/wp\/v2\/ta_other?post=45657"}],"curies":[{"name":"wp","href":"https:\/\/api.w.org\/{rel}","templated":true}]}}