{"id":45915,"date":"2022-03-11T07:00:27","date_gmt":"2022-03-11T06:00:27","guid":{"rendered":"https:\/\/www-ilmercoledi-news-*.sitenm.com\/?p=45915"},"modified":"2022-03-11T07:01:20","modified_gmt":"2022-03-11T06:01:20","slug":"lavoro-via-ai-cantieri-regionali-per-19-persone-tra-moncalieri-santena-poirino-e-villastellone","status":"publish","type":"post","link":"https:\/\/www.ilmercoledi.news\/2022\/03\/11\/lavoro-via-ai-cantieri-regionali-per-19-persone-tra-moncalieri-santena-poirino-e-villastellone\/","title":{"rendered":"LAVORO &#8211; Via ai cantieri regionali per 19 persone tra Moncalieri, Santena, Poirino e Villastellone"},"content":{"rendered":"<p>Sono\u00a0156\u00a0i lavoratori\u00a0disoccupati di et\u00e0 superiore a 58 anni\u00a0che saranno impiegati nei\u00a035 progetti\u00a0che rientrano nella graduatoria del bando per i\u00a0cantieri di lavoro\u00a0emesso nello scorso autunno dalla Regione Piemonte per coloro che hanno maturato un\u2019anzianit\u00e0 contributiva non sufficiente per il pensionamento. Tra costoro, 10 saranno impegnati a Moncalieri\u00a0(in ambito decoro ambientale e relazioni sociali), tre a Poirino per la salvaguardia ambientale, 4 a Santena per manutenzione strade, due a Villastellone per attivit\u00e0 varie.<\/p>\n<p>\u201cUn provvedimento che volutamente va nella direzione opposta all\u2019assistenzialismo del reddito di cittadinanza e finalizzato ad un\u2019occupazione che possa tutelare soprattutto la dignit\u00e0 del lavoro &#8211; precisa l\u2019assessore regionale al Lavoro e alla Formazione professionale\u00a0Elena Chiorino\u00a0&#8211; La misura interviene per salvaguardare i pi\u00f9 fragili, ai quali saranno affidati interventi come la manutenzione di aree pubbliche o servizi di pubblica utilit\u00e0. Oltre ad una retribuzione, gli assunti vedranno pagati dalla Regione i contributi all&#8217;Inps per raggiungere la pensione dalla Regione e avranno la possibilit\u00e0 di partecipare a corsi di formazione dedicati\u201d.<\/p>\n<p>I cantieristi riceveranno un\u2019indennit\u00e0 e, in alcuni casi, ulteriori compensazioni a discrezione e a carico dell\u2019ente per cui lavorano, oltre al versamento dei contributi Inps. Per il bando 2021-2022\u00a0la Regione ha messo a disposizione 1 milione di euro, che servir\u00e0 a coprire i costi dell\u2019indennit\u00e0 di cantiere, versata direttamente dall\u2019Inps al lavoratore e la spesa degli oneri previdenziali. A carico dell\u2019ente attuatore restano i costi per la sicurezza e le assicurazioni. La selezione dei candidati sar\u00e0 effettuata direttamente dai Comuni e la graduatoria sar\u00e0 redatta soprattutto sulla base dell&#8217;anzianit\u00e0 di contribuzione. I candidati dovranno presentare l&#8217;estratto conto certificativo rilasciato da Inps, mentre gli enti, a propria discrezione, potranno introdurre altri elementi di priorit\u00e0 (es. Isee o residenza) o prevedere eventuali prove di idoneit\u00e0 per attivit\u00e0 specifiche. I cantieristi riceveranno anche buoni pasto e, in alcuni casi, il rimborso delle spese di viaggio sui mezzi pubblici per raggiungere il luogo di lavoro. Il cantiere avr\u00e0 la durata di un anno con un impegno settimanale di 20\/25 o 30 ore, a seconda del progetto approvato e il cantierista percepir\u00e0, a seconda del monte ore previsto dal progetto, un\u2019indennit\u00e0 giornaliera dai 20,10 ai 30,15 euro lordi.<\/p>\n","protected":false},"excerpt":{"rendered":"","protected":false},"author":11,"featured_media":45914,"comment_status":"open","ping_status":"closed","sticky":false,"template":"","format":"standard","meta":[],"categories":[34],"tags":[],"news-destination":[],"news-source":[],"is_homepage":[],"ta_other":[],"_links":{"self":[{"href":"https:\/\/www.ilmercoledi.news\/ilmercoledi\/news\/wp-json\/wp\/v2\/posts\/45915"}],"collection":[{"href":"https:\/\/www.ilmercoledi.news\/ilmercoledi\/news\/wp-json\/wp\/v2\/posts"}],"about":[{"href":"https:\/\/www.ilmercoledi.news\/ilmercoledi\/news\/wp-json\/wp\/v2\/types\/post"}],"author":[{"embeddable":true,"href":"https:\/\/www.ilmercoledi.news\/ilmercoledi\/news\/wp-json\/wp\/v2\/users\/11"}],"replies":[{"embeddable":true,"href":"https:\/\/www.ilmercoledi.news\/ilmercoledi\/news\/wp-json\/wp\/v2\/comments?post=45915"}],"version-history":[{"count":0,"href":"https:\/\/www.ilmercoledi.news\/ilmercoledi\/news\/wp-json\/wp\/v2\/posts\/45915\/revisions"}],"wp:featuredmedia":[{"embeddable":true,"href":"https:\/\/www.ilmercoledi.news\/ilmercoledi\/news\/wp-json\/wp\/v2\/media\/45914"}],"wp:attachment":[{"href":"https:\/\/www.ilmercoledi.news\/ilmercoledi\/news\/wp-json\/wp\/v2\/media?parent=45915"}],"wp:term":[{"taxonomy":"category","embeddable":true,"href":"https:\/\/www.ilmercoledi.news\/ilmercoledi\/news\/wp-json\/wp\/v2\/categories?post=45915"},{"taxonomy":"post_tag","embeddable":true,"href":"https:\/\/www.ilmercoledi.news\/ilmercoledi\/news\/wp-json\/wp\/v2\/tags?post=45915"},{"taxonomy":"news-destination","embeddable":true,"href":"https:\/\/www.ilmercoledi.news\/ilmercoledi\/news\/wp-json\/wp\/v2\/news-destination?post=45915"},{"taxonomy":"news-source","embeddable":true,"href":"https:\/\/www.ilmercoledi.news\/ilmercoledi\/news\/wp-json\/wp\/v2\/news-source?post=45915"},{"taxonomy":"is_homepage","embeddable":true,"href":"https:\/\/www.ilmercoledi.news\/ilmercoledi\/news\/wp-json\/wp\/v2\/is_homepage?post=45915"},{"taxonomy":"ta_other","embeddable":true,"href":"https:\/\/www.ilmercoledi.news\/ilmercoledi\/news\/wp-json\/wp\/v2\/ta_other?post=45915"}],"curies":[{"name":"wp","href":"https:\/\/api.w.org\/{rel}","templated":true}]}}