{"id":45922,"date":"2022-03-11T09:46:36","date_gmt":"2022-03-11T08:46:36","guid":{"rendered":"https:\/\/www-ilmercoledi-news-*.sitenm.com\/?p=45922"},"modified":"2022-03-11T09:47:23","modified_gmt":"2022-03-11T08:47:23","slug":"il-grande-cantiere-di-palazzo-madama","status":"publish","type":"post","link":"https:\/\/www.ilmercoledi.news\/2022\/03\/11\/il-grande-cantiere-di-palazzo-madama\/","title":{"rendered":"Il grande cantiere di Palazzo Madama"},"content":{"rendered":"<p><strong>500 giorni<\/strong> per far rinascere il \u201cvolto\u201d in marmo di Palazzo Madama, uno dei simboli di eccellenza di Torino nel mondo. Il pi\u00f9 grande cantiere di restauro di un bene pubblico nel cuore della citt\u00e0 riporter\u00e0 la facciata juvarriana al suo antico splendore, grazie alla sinergia tra due istituzioni: la <strong>Fondazione Torino Musei<\/strong>, da sempre impegnata nella tutela, conservazione e valorizzazione dei beni museali, e la <strong>Fondazione CRT<\/strong>, storico e principale sostenitore privato di Palazzo Madama, che finanzia interamente quest\u2019ultimo intervento con un impegno straordinario di <strong>2,4 milioni di euro<\/strong>.<\/p>\n<p>Approvati dal <strong>Ministero per la Cultura<\/strong> e dalla <strong>Soprintendenza Archeologia Belle Arti e Paesaggio<\/strong>, i lavori di restauro e consolidamento strutturale coniugano arte, ingegneria e ricerca, salvaguardando l\u2019identit\u00e0 e la storia del luogo con soluzioni tecnologiche innovative, sostenibili e reversibili. Il cantiere partir\u00e0 luned\u00ec 14 marzo.<\/p>\n<p>\u201cFinalmente si parte! Il grande cantiere per la rinascita della facciata di Palazzo Madama \u00e8 un ingranaggio complesso, un\u2019operazione di sistema che guarda al futuro tenendo insieme una molteplicit\u00e0 di risorse tecniche, professionali ed economiche per un obiettivo comune: dobbiamo esserne tutti orgogliosi\u201d, affermano il Presidente della Fondazione CRT <strong>Giovanni Quaglia<\/strong> e il Segretario Generale <strong>Massimo Lapucci<\/strong>.<\/p>\n<p>Un <strong>ascensore<\/strong> condurr\u00e0 le maestranze sino alla sommit\u00e0 del cornicione per le opere pi\u00f9 complesse relative alla <strong>messa in sicurezza strutturale<\/strong> di tutta la trabeazione in marmo. All\u2019interno delle cavit\u00e0 situate nel grande cornicione, manodopera specializzata realizzer\u00e0 particolari <strong>strutture in acciaio curvilinee<\/strong>, destinate a costituire il futuro scheletro portante del rivestimento in pietra del grande architrave, che manifesta da secoli segni di affaticamento strutturale: a seguito del distacco di alcuni frammenti, si \u00e8 reso necessario l\u2019avvio dell\u2019importante intervento di restauro.<\/p>\n<p>Sulla sommit\u00e0 di Palazzo Madama, le <strong>quattro<\/strong> imponenti <strong>statue allegoriche di 3 tonnellate ciascuna alte 4 metri<\/strong>, \u201cfirmate\u201d dallo scultore carrarese Giovanni Baratta nel 1726, saranno rimosse dal basamento \u2013 mediante una tecnica particolare che impiega un filo d\u2019acciaio simile al sistema di estrazione dei blocchi di marmo dalle cave \u2013 e provvisoriamente calate a terra in gabbie di acciaio, con uno spettacolare <strong>sistema di gru<\/strong>, per il loro restauro e consolidamento in un apposito padiglione. L\u2019intervento, nelle sue diverse fasi, potr\u00e0 essere <strong>seguito \u201clive\u201d dal pubblico<\/strong>, che potr\u00e0 anche visitare il padiglione stesso in tempi prestabiliti.<\/p>\n<p>I restauri delle statue, cos\u00ec come quelli dei serramenti lignei, saranno affidati tramite due ulteriori bandi nelle prossime settimane, a completamento del primo lotto di lavori sul settore centrale della facciata: la conclusione, dopo 500 giorni, \u00e8 prevista per il <strong>24 giugno 2023<\/strong>, <strong>festa di San Giovanni<\/strong>, patrono della citt\u00e0. Seguiranno altri due lotti relativi ai due corpi laterali.<\/p>\n","protected":false},"excerpt":{"rendered":"","protected":false},"author":7,"featured_media":45921,"comment_status":"open","ping_status":"closed","sticky":false,"template":"","format":"standard","meta":[],"categories":[9],"tags":[430,606,607],"news-destination":[],"news-source":[],"is_homepage":[],"ta_other":[],"_links":{"self":[{"href":"https:\/\/www.ilmercoledi.news\/ilmercoledi\/news\/wp-json\/wp\/v2\/posts\/45922"}],"collection":[{"href":"https:\/\/www.ilmercoledi.news\/ilmercoledi\/news\/wp-json\/wp\/v2\/posts"}],"about":[{"href":"https:\/\/www.ilmercoledi.news\/ilmercoledi\/news\/wp-json\/wp\/v2\/types\/post"}],"author":[{"embeddable":true,"href":"https:\/\/www.ilmercoledi.news\/ilmercoledi\/news\/wp-json\/wp\/v2\/users\/7"}],"replies":[{"embeddable":true,"href":"https:\/\/www.ilmercoledi.news\/ilmercoledi\/news\/wp-json\/wp\/v2\/comments?post=45922"}],"version-history":[{"count":0,"href":"https:\/\/www.ilmercoledi.news\/ilmercoledi\/news\/wp-json\/wp\/v2\/posts\/45922\/revisions"}],"wp:featuredmedia":[{"embeddable":true,"href":"https:\/\/www.ilmercoledi.news\/ilmercoledi\/news\/wp-json\/wp\/v2\/media\/45921"}],"wp:attachment":[{"href":"https:\/\/www.ilmercoledi.news\/ilmercoledi\/news\/wp-json\/wp\/v2\/media?parent=45922"}],"wp:term":[{"taxonomy":"category","embeddable":true,"href":"https:\/\/www.ilmercoledi.news\/ilmercoledi\/news\/wp-json\/wp\/v2\/categories?post=45922"},{"taxonomy":"post_tag","embeddable":true,"href":"https:\/\/www.ilmercoledi.news\/ilmercoledi\/news\/wp-json\/wp\/v2\/tags?post=45922"},{"taxonomy":"news-destination","embeddable":true,"href":"https:\/\/www.ilmercoledi.news\/ilmercoledi\/news\/wp-json\/wp\/v2\/news-destination?post=45922"},{"taxonomy":"news-source","embeddable":true,"href":"https:\/\/www.ilmercoledi.news\/ilmercoledi\/news\/wp-json\/wp\/v2\/news-source?post=45922"},{"taxonomy":"is_homepage","embeddable":true,"href":"https:\/\/www.ilmercoledi.news\/ilmercoledi\/news\/wp-json\/wp\/v2\/is_homepage?post=45922"},{"taxonomy":"ta_other","embeddable":true,"href":"https:\/\/www.ilmercoledi.news\/ilmercoledi\/news\/wp-json\/wp\/v2\/ta_other?post=45922"}],"curies":[{"name":"wp","href":"https:\/\/api.w.org\/{rel}","templated":true}]}}