{"id":46045,"date":"2022-03-20T22:25:08","date_gmt":"2022-03-20T21:25:08","guid":{"rendered":"https:\/\/www-ilmercoledi-news-*.sitenm.com\/?p=46045"},"modified":"2022-03-20T22:26:25","modified_gmt":"2022-03-20T21:26:25","slug":"anselmo-roveda-porta-i-bimbi-del-gruppo-di-lettura-carmagnola-nel-fantastico-mondo-di-giulio-verne","status":"publish","type":"post","link":"https:\/\/www.ilmercoledi.news\/2022\/03\/20\/anselmo-roveda-porta-i-bimbi-del-gruppo-di-lettura-carmagnola-nel-fantastico-mondo-di-giulio-verne\/","title":{"rendered":"Anselmo Roveda porta i bimbi del Gruppo di Lettura Carmagnola nel fantastico mondo di Giulio Verne"},"content":{"rendered":"<p align=\"LEFT\">La\u00a0<b>fantasia<\/b>\u00a0viaggia, ma \u00e8 difficile che i sogni diventino realt\u00e0. Non \u00e8 successo cos\u00ec con\u00a0<b>Jules Verne<\/b>, sognatore fin da bambino al punto di fuggire di casa all\u2019et\u00e0 di undici anni per cercare di imbarcarsi su una nave (e subito ripescato dall\u2019influente genitore). Finiti gli studi classici, avvocato volontariamente mancato, si dedic\u00f2 ai suoi libri di avventure e sogni\u00a0<b>preconizzando sommergibili<\/b>, razzi, macchine volanti viaggi al centro della terra e attorno alla Luna e quant\u2019altro \u00e8 ancora possibile, attingendo solo alla sua fantasia e ai viaggi in nave che riusc\u00ec a compiere nella maturit\u00e0.<\/p>\n<p align=\"LEFT\">Un simile raccontatore di eventi fantastici e meravigliosi come Giulio Verne non poteva sfuggire all\u2019attenzione, scrittore genovese\u00a0<b>Anselmo Roveda<\/b>\u00a0(gi\u00e0 conosciuto tre anni fa all\u2019Aperilibro Bambini con il suo libro \u201c<i>Atlante delle avventure e dei viaggi per terra e per mare<\/i>\u2026\u201d elaborato sui volumi di\u00a0<b>Emilio Salgari<\/b>) che ripete ora l\u2019operazione di\u00a0<b>selezionare brani<\/b>\u00a0dalla produzione di un autore carico di immaginazione qual \u00e8 l\u2019autore francese.<\/p>\n<p align=\"LEFT\">\u201c<i>Sono uno scrittore<\/i>\u201d cos\u00ec \u00e8 presentato Roveda mercoled\u00ec 16 marzo agli scolari delle classi 4C, 5C e 5C del\u00a0<b>Terzo Istituto Comprensivo di Carmagnola<\/b>\u00a0(accompagnati dalle loro maestre Cristina, Daniela, Fabiana, Silvia e Valentina) \u201c<i>ma sono soprattutto un lettore che ama raccontare storie<\/i>\u201d. E cos\u00ec nulla \u00e8 stato pi\u00f9 facile di sfogliare davanti agli attenti scolari questo \u201c<i><b>Atlante dei Viaggi Straordinari e degli inconsueti mezzi di trasporto per compierli (oltrech\u00e9 di bizzarre citt\u00e0 e di curiosi marchingegni) con brani dalle opere di Jules Verne<\/b><\/i>\u201d. Dizione che dimostra la propensione di Roveda per i titoli corposi, ma soprattutto spiega chiaramente quanto i giovani lettori (ma non solo loro) troveranno nelle pagine del volume riccamente illustrato.\u00a0<b>Roveda<\/b>\u00a0ha selezionato sedici romanzi di Verne (in totale ne ha scritti sessantadue), ne ha estratto un brevissimo brano fra le pagine pi\u00f9 significative del volume e le affiancate alle\u00a0<b>splendide illustrazioni<\/b>\u00a0di Marco Paci, suo compagno di avventure (\u00e8 proprio il caso di dirlo) anche nelle due esperienze precedenti.\u00a0<b>Illustrazioni coloratissime<\/b>\u00a0che danno chiaramente l\u2019idea del mondo fantastico che troveremo nel libro, ma non frenano certo la fantasia\u00a0<b>nell\u2019immaginare<\/b>\u00a0noi stessi, animali e marchingegni, citt\u00e0 e foreste. Ne sono uscite\u00a0<b>66 pagine<\/b>\u00a0che pongono l\u2019accento e catturano l\u2019attenzione, proprio sull\u2019aspetto pi\u00f9 affascinante di quel romanzo, sia che si parli di viaggi straordinari in citt\u00e0 bizzarre o di marchingegni curiosi e futuribili. Eccoci allora volare sul\u00a0<b>pallone aerostatico<\/b>\u00a0sopra l\u2019isola di Zanzibar con \u201c<i>Cinque settimane in pallone<\/i>\u201d; sparati sul nostro satellite da un razzo non cos\u00ec dissimile dall\u2019Apollo che ha portato gli astronauti sulla Luna in \u201c<i>Intorno alla Luna<\/i>\u201d, senza dimenticare quello che \u00e8 forse il capolavoro di Giulio Verne, \u201c<i>Ventimila leghe sotto i mari<\/i>\u201d con il sommergibile\u00a0<b>Nautilus<\/b>\u00a0del\u00a0<b>Capitano Nemo<\/b>.<\/p>\n<p align=\"LEFT\">E poi ancora quei viaggi che allora nemmeno i pi\u00f9 arditi esploratori osavano sognare. Come la discesa da un\u00a0<b>cratere di un vulcano<\/b>\u00a0sino alle viscere del pianeta in \u201c<i>Viaggio al centro della Terra<\/i>\u201d, nei ghiacci artici con \u201c<i>Le avventure del Capitano Hatteras<\/i>\u201d. Inventarsi\u00a0<b>isole galleggianti<\/b>\u00a0e semoventi, che stanno trovando spazio nei nostri mari (da Monte-Carlo all\u2019isola di Dubai) descritte con tale precisione nel libro \u201c<i>L\u2019isola a elica<\/i>\u201d che agli ingegneri dei giorni nostri non \u00e8 servito altro che copiare e rimodernare un pochino le idee di Verne. E il viaggio forse pi\u00f9 avventuroso della storia, quello di Phileas Fogg e del suo servitore Passepartout ne \u201c<i>Il giro del mondo in ottanta giorni<\/i>\u201d. Ma anche i personaggi che si muovano all\u2019interno di questi libri.\u00a0<b>Persone vere<\/b>, con il senso dell\u2019avventura e la passione di vivere e conoscere il mondo che ci circonda, senza che Verne li elevi a eroi veri e propri, facendone per\u00f2 esseri umani di cui ammiriamo lo spirito di iniziativa<\/p>\n<p align=\"LEFT\">Il grande merito di\u00a0<b>Anselmo Roveda<\/b>\u00a0e\u00a0<b>Marco Paci<\/b>\u00a0\u00e8 non cadere nel tranello di fornirci un riassunto dei libri di Verne, ma un\u00a0<b>estratto accattivante<\/b>\u00a0che in poche righe che stimola i giovani lettori ad approfondire la conoscenza dell\u2019autore francese, con le avventure i mondi fantastici descritti nelle sue pagine. E in tutto ci\u00f2 contribuiscono sicuramente le matite colorate di\u00a0<b>Marco Paci<\/b>\u00a0che ci offre uno spunto e un\u2019idea di quelli che sono\u00a0<b>marchingegni<\/b>, citt\u00e0, animali foreste, abissi, ghiacci e caverne descritti da\u00a0<b>Verne<\/b>.<\/p>\n<p align=\"LEFT\">E tutto ci\u00f2 \u00e8 perfettamente riuscito, visto\u00a0<b>l\u2019interesse<\/b>\u00a0dei giovani studenti durante la presentazione la condivisione di sogni e domande con Roveda. E anche di chi, con qualche anno in pi\u00f9, ha rivissuto i bei momenti passati con la\u00a0<b>lettura<\/b>\u00a0dello scrittore francese, facendosi rivivere la voglia di rispolverarlo dagli scaffali della biblioteca.<\/p>\n<p align=\"LEFT\">\n<p>Il libro presentato<\/p>\n<p align=\"LEFT\">\n<p align=\"LEFT\">\u201c<i><b>Atlante dei Viaggi Straordinari e degli inconsueti mezzi di trasporto per compierli (oltrech\u00e9 di bizzarre citt\u00e0 e di curiosi marchingegni)<\/b><\/i>\u00a0<i><b>con brani dalle opere di Jules Verne<\/b><\/i>\u201d<\/p>\n<p align=\"LEFT\">Di Anselmo Roveda, illustrato da Marco Paci<\/p>\n<p align=\"LEFT\">66 pagine rilegato; Edito da EDT-Giralangolo; in libreria dal 4 novembre 2021; 19,50 \u20ac; et\u00e0 di lettura dai sette anni in su.<\/p>\n<p align=\"LEFT\">\n<p align=\"LEFT\">*** Tutti i libri presentati nel corso dell\u2019Aperilibro del Gruppo di Lettura Carmagnola sono disponibili presso la\u00a0<b>biblioteca civica Rayneri-Berti di Carmagnola<\/b><\/p>\n<p align=\"LEFT\"><b>Prossimi appuntamenti<\/b><\/p>\n<p align=\"LEFT\"><b>Gioved\u00ec 31 marzo<\/b>: ore 19.30 \u2013 incontro ore 21.00: Aperilibro. Matteo Piano con Cecilia Morini: \u201cIO, il centrale e i pensieri laterali\u201d. Il grande pallavolista racconta come \u00e8 arrivato ad acquisire forza e consapevolezza dopo aver imparata ad accettare la sua fragilit\u00e0<\/p>\n<p align=\"LEFT\"><b>Venerd\u00ec 8 aprile<\/b>: ore 19.30 \u2013 incontro ore 21.00: Aperilibro ragazzi.\u00a0<b>Alessio Pizzicannella<\/b>: \u201c<i>Rito di passaggio<\/i>\u201d. Un romanzo poetico e avventuroso, una vicenda universale: ogni scelta pu\u00f2 essere quella decisiva.<\/p>\n<p align=\"LEFT\"><b>Mercoled\u00ec 20 aprile<\/b>: ore 16.15 merenda, 16,30: Aperilibro bambini.\u00a0<b>Marco Dazzani<\/b>: \u201c<i>Paura dei mostri?<\/i>\u201d.\u00a0\u00a0Bisogna stare attenti ai mostri! Si fanno grandi risate. Si impara a non giudicare dalle apparenze<\/p>\n<p align=\"LEFT\">*** Tutti gli incontri pubblici si svolgeranno presso il\u00a0<b>Salone Nobiliare di Casa Cavassa<\/b>, Via Valobra 143 \u2013 Carmagnola, mentre gli Aperilibro si terranno presso la sottostante\u00a0<b>Locanda del Bussone<\/b>, Via Valobra 143 \u2013 Carmagnola.<\/p>\n","protected":false},"excerpt":{"rendered":"","protected":false},"author":10,"featured_media":46044,"comment_status":"open","ping_status":"closed","sticky":false,"template":"","format":"standard","meta":[],"categories":[34,9],"tags":[],"news-destination":[],"news-source":[],"is_homepage":[],"ta_other":[],"_links":{"self":[{"href":"https:\/\/www.ilmercoledi.news\/ilmercoledi\/news\/wp-json\/wp\/v2\/posts\/46045"}],"collection":[{"href":"https:\/\/www.ilmercoledi.news\/ilmercoledi\/news\/wp-json\/wp\/v2\/posts"}],"about":[{"href":"https:\/\/www.ilmercoledi.news\/ilmercoledi\/news\/wp-json\/wp\/v2\/types\/post"}],"author":[{"embeddable":true,"href":"https:\/\/www.ilmercoledi.news\/ilmercoledi\/news\/wp-json\/wp\/v2\/users\/10"}],"replies":[{"embeddable":true,"href":"https:\/\/www.ilmercoledi.news\/ilmercoledi\/news\/wp-json\/wp\/v2\/comments?post=46045"}],"version-history":[{"count":0,"href":"https:\/\/www.ilmercoledi.news\/ilmercoledi\/news\/wp-json\/wp\/v2\/posts\/46045\/revisions"}],"wp:featuredmedia":[{"embeddable":true,"href":"https:\/\/www.ilmercoledi.news\/ilmercoledi\/news\/wp-json\/wp\/v2\/media\/46044"}],"wp:attachment":[{"href":"https:\/\/www.ilmercoledi.news\/ilmercoledi\/news\/wp-json\/wp\/v2\/media?parent=46045"}],"wp:term":[{"taxonomy":"category","embeddable":true,"href":"https:\/\/www.ilmercoledi.news\/ilmercoledi\/news\/wp-json\/wp\/v2\/categories?post=46045"},{"taxonomy":"post_tag","embeddable":true,"href":"https:\/\/www.ilmercoledi.news\/ilmercoledi\/news\/wp-json\/wp\/v2\/tags?post=46045"},{"taxonomy":"news-destination","embeddable":true,"href":"https:\/\/www.ilmercoledi.news\/ilmercoledi\/news\/wp-json\/wp\/v2\/news-destination?post=46045"},{"taxonomy":"news-source","embeddable":true,"href":"https:\/\/www.ilmercoledi.news\/ilmercoledi\/news\/wp-json\/wp\/v2\/news-source?post=46045"},{"taxonomy":"is_homepage","embeddable":true,"href":"https:\/\/www.ilmercoledi.news\/ilmercoledi\/news\/wp-json\/wp\/v2\/is_homepage?post=46045"},{"taxonomy":"ta_other","embeddable":true,"href":"https:\/\/www.ilmercoledi.news\/ilmercoledi\/news\/wp-json\/wp\/v2\/ta_other?post=46045"}],"curies":[{"name":"wp","href":"https:\/\/api.w.org\/{rel}","templated":true}]}}