{"id":46264,"date":"2022-04-01T10:57:20","date_gmt":"2022-04-01T08:57:20","guid":{"rendered":"https:\/\/www-ilmercoledi-news-*.sitenm.com\/?p=46264"},"modified":"2025-04-02T23:06:32","modified_gmt":"2025-04-02T21:06:32","slug":"aperta-la-nuova-bretella-per-alleggerire-il-traffico-nella-val-chisone","status":"publish","type":"post","link":"https:\/\/www.ilmercoledi.news\/2022\/04\/01\/aperta-la-nuova-bretella-per-alleggerire-il-traffico-nella-val-chisone\/","title":{"rendered":"Aperta la nuova bretella per alleggerire il traffico nella Val Chisone"},"content":{"rendered":"<p>Da oggi venerd\u00ec 1 aprile 2022, il traffico proveniente dalla val Chisone e diretto verso la circonvallazione di Pinerolo sar\u00e0 deviato sulla nuova bretella di svincolo. La nuova rotatoria in costruzione consentir\u00e0 il passaggio diretto del traffico dalla circonvallazione di Pinerolo al tracciato storico della Strada provinciale 23 del Sestriere 23 e viceversa, riducendo quindi i passaggi nella zona commerciale e nei pressi del vicino istituto scolastico.<\/p>\n","protected":false},"excerpt":{"rendered":"","protected":false},"author":4,"featured_media":0,"comment_status":"open","ping_status":"closed","sticky":false,"template":"","format":"standard","meta":[],"categories":[311],"tags":[],"news-destination":[],"news-source":[],"is_homepage":[],"ta_other":[],"_links":{"self":[{"href":"https:\/\/www.ilmercoledi.news\/ilmercoledi\/news\/wp-json\/wp\/v2\/posts\/46264"}],"collection":[{"href":"https:\/\/www.ilmercoledi.news\/ilmercoledi\/news\/wp-json\/wp\/v2\/posts"}],"about":[{"href":"https:\/\/www.ilmercoledi.news\/ilmercoledi\/news\/wp-json\/wp\/v2\/types\/post"}],"author":[{"embeddable":true,"href":"https:\/\/www.ilmercoledi.news\/ilmercoledi\/news\/wp-json\/wp\/v2\/users\/4"}],"replies":[{"embeddable":true,"href":"https:\/\/www.ilmercoledi.news\/ilmercoledi\/news\/wp-json\/wp\/v2\/comments?post=46264"}],"version-history":[{"count":1,"href":"https:\/\/www.ilmercoledi.news\/ilmercoledi\/news\/wp-json\/wp\/v2\/posts\/46264\/revisions"}],"predecessor-version":[{"id":46266,"href":"https:\/\/www.ilmercoledi.news\/ilmercoledi\/news\/wp-json\/wp\/v2\/posts\/46264\/revisions\/46266"}],"wp:attachment":[{"href":"https:\/\/www.ilmercoledi.news\/ilmercoledi\/news\/wp-json\/wp\/v2\/media?parent=46264"}],"wp:term":[{"taxonomy":"category","embeddable":true,"href":"https:\/\/www.ilmercoledi.news\/ilmercoledi\/news\/wp-json\/wp\/v2\/categories?post=46264"},{"taxonomy":"post_tag","embeddable":true,"href":"https:\/\/www.ilmercoledi.news\/ilmercoledi\/news\/wp-json\/wp\/v2\/tags?post=46264"},{"taxonomy":"news-destination","embeddable":true,"href":"https:\/\/www.ilmercoledi.news\/ilmercoledi\/news\/wp-json\/wp\/v2\/news-destination?post=46264"},{"taxonomy":"news-source","embeddable":true,"href":"https:\/\/www.ilmercoledi.news\/ilmercoledi\/news\/wp-json\/wp\/v2\/news-source?post=46264"},{"taxonomy":"is_homepage","embeddable":true,"href":"https:\/\/www.ilmercoledi.news\/ilmercoledi\/news\/wp-json\/wp\/v2\/is_homepage?post=46264"},{"taxonomy":"ta_other","embeddable":true,"href":"https:\/\/www.ilmercoledi.news\/ilmercoledi\/news\/wp-json\/wp\/v2\/ta_other?post=46264"}],"curies":[{"name":"wp","href":"https:\/\/api.w.org\/{rel}","templated":true}]}}