{"id":46305,"date":"2022-04-04T15:02:06","date_gmt":"2022-04-04T13:02:06","guid":{"rendered":"https:\/\/www-ilmercoledi-news-*.sitenm.com\/?p=46305"},"modified":"2022-04-04T15:03:59","modified_gmt":"2022-04-04T13:03:59","slug":"asl-to-5-il-sindaco-di-chieri-alla-regione-la-regione-non-puo-rimanere-zitta-davanti-allappello-dei-medici","status":"publish","type":"post","link":"https:\/\/www.ilmercoledi.news\/2022\/04\/04\/asl-to-5-il-sindaco-di-chieri-alla-regione-la-regione-non-puo-rimanere-zitta-davanti-allappello-dei-medici\/","title":{"rendered":"ASL TO 5 &#8211; Il sindaco di Chieri alla Regione: &#8216;La Regione non pu\u00f2 rimanere zitta davanti all&#8217;appello dei medici&#8217;"},"content":{"rendered":"<p>Non si ferma la polemica sull&#8217;ospedale unico dell&#8217;Asl To 5. Ora \u00e8 il sindaco di Chieri, Alessandro Sicchiero, a prendere carta e penna per scrivere alla Regione, chiedendo certezze. Il destinatario \u00e8 l&#8217;assessore Luigi Icardi: &#8220;Abbandonare l\u2019area di Vad\u00f2 vuol dire far passare altro tempo tra discussioni ed approfondimenti, mentre i nostri tre ospedali diventano ancora pi\u00f9 vecchi e meno attrattivi. Il vero grande pericolo \u00e8 che il nuovo ospedale unico non si faccia. Di sicuro, non assisteremo alla posa della \u201cprima pietra\u201d entro questa legislatura regionale. Ritengo che sia urgente e necessario\u00a0un momento di confronto e chiarimento, con informazioni fornite direttamente dall&#8217;assessore, che deve svolgersi nel luogo istituzionale appropriato, ovvero l\u2019Assemblea della Conferenza dei Sindaci dell\u2019AslTO5&#8221;.<\/p>\n<p>Poi l&#8217;affondo: &#8220;In data 30\/12\/2021 Le venne chiesta la disponibilit\u00e0 a presenziare ad un\u2019apposita Assemblea, richiesta che non ha ancora ricevuto risposta. Le rinnovo ora la stessa richiesta,\u00a0e La invito anche ad accogliere l\u2019appello rivolto da 133 operatori sanitari dei nostri pres\u00ecdi ospedalieri, che hanno espresso preoccupazioni, che condivido pienamente, e che sollecitano un incontro pubblico dove confrontarsi ed ottenere le attese risposte.<\/p>\n<p>Pertanto, assessore Icardi:<\/p>\n<p>1)\u00a0\u00a0\u00a0\u00a0\u00a0\u00a0Corrisponde al vero che la Regione Piemonte ha deciso di abbandonare la scelta dell\u2019area Vad\u00f2 come sede del<b>\u00a0<\/b>nuovo Ospedale Unico dell\u2019AslTO5?<\/p>\n<p>2)\u00a0\u00a0\u00a0\u00a0\u00a0\u00a0Corrisponde al vero che la Regione Piemonte sarebbe orientata alla scelta di un\u2019area collocata nel territorio di Cambiano?<\/p>\n<p>3)\u00a0\u00a0\u00a0\u00a0\u00a0\u00a0Entro quale orizzonte temporale si pensa di poter realizzare il Nuovo Ospedale Unico?<\/p>\n<p>4)\u00a0\u00a0\u00a0\u00a0\u00a0\u00a0Un eventuale cambio della sede del nuovo ospedale potrebbe comportare il rischio di perdere le risorse Inail?<\/p>\n<p>5)\u00a0\u00a0\u00a0\u00a0\u00a0\u00a0Perch\u00e9 nella lettera del 22 luglio 2021 con la quale l\u2019assessorato regionale alla Sanit\u00e0 costituiva il Gruppo di Lavoro Tecnico, si \u00e8 utilizzata la definizione di \u201cnuovo ospedale\u201d dell\u2019AslTO5 e non pi\u00f9 di \u201cnuovo ospedale unico\u201d? L\u2019intenzione \u00e8 ancora quella di realizzare un nuovo ospedale, che superi gli attuali tre nosocomi di Moncalieri, Chieri e Carmagnola, o si pensa di costruire semplicemente un nuovo ospedale? Uno scenario del genere come sarebbe economicamente sostenibile?<\/p>\n<p>6)\u00a0\u00a0\u00a0\u00a0\u00a0\u00a0Nel ridisegno della medicina territoriale dell\u2019AslTO5 tramite i fondi del PNRR (case di comunit\u00e0, ospedali di comunit\u00e0, Cot), non \u00e8 stato affrontato il tema del destino dei tre attuali ospedali. Cosa si pensa di fare del Santa Croce, del Maggiore e del S. Lorenzo? Se non saranno n\u00e9 case di comunit\u00e0 n\u00e9 ospedali di comunit\u00e0, allora in cosa verranno trasformati e quali servizi accoglieranno?<\/p>\n<p>7)\u00a0\u00a0\u00a0\u00a0\u00a0\u00a0Il Santa Croce, il Maggiore ed il S. Lorenzo sono obsoleti ed energivori (come \u00e8 stato ricordato proprio dagli operatori sanitari, si tratta di strutture cresciute come dei \u201cpatchwork\u201d nel corso del tempo, con parti che risalgono addirittura al XIV secolo): non \u00e8 irrazionale investire ancora per anni risorse in manutenzione di ospedali vetusti e superati, continuando nel frattempo a perdere personale a vantaggio di altre strutture pi\u00f9 attrattive?<\/p>\n<p>8)\u00a0\u00a0\u00a0\u00a0\u00a0\u00a0Perch\u00e9 si continua ad evitare il confronto con gli amministratori locali e con gli operatori sanitari dei tre pres\u00ecdi sanitari di Moncalieri, Chieri e Carmagnola? Quanto tempo deve ancora trascorrere prima che la Regione Piemonte adotti scelte chiare e le spieghi ai cittadini interessati?&#8221;<\/p>\n","protected":false},"excerpt":{"rendered":"","protected":false},"author":11,"featured_media":20850,"comment_status":"open","ping_status":"closed","sticky":false,"template":"","format":"standard","meta":[],"categories":[34],"tags":[],"news-destination":[],"news-source":[],"is_homepage":[],"ta_other":[],"_links":{"self":[{"href":"https:\/\/www.ilmercoledi.news\/ilmercoledi\/news\/wp-json\/wp\/v2\/posts\/46305"}],"collection":[{"href":"https:\/\/www.ilmercoledi.news\/ilmercoledi\/news\/wp-json\/wp\/v2\/posts"}],"about":[{"href":"https:\/\/www.ilmercoledi.news\/ilmercoledi\/news\/wp-json\/wp\/v2\/types\/post"}],"author":[{"embeddable":true,"href":"https:\/\/www.ilmercoledi.news\/ilmercoledi\/news\/wp-json\/wp\/v2\/users\/11"}],"replies":[{"embeddable":true,"href":"https:\/\/www.ilmercoledi.news\/ilmercoledi\/news\/wp-json\/wp\/v2\/comments?post=46305"}],"version-history":[{"count":0,"href":"https:\/\/www.ilmercoledi.news\/ilmercoledi\/news\/wp-json\/wp\/v2\/posts\/46305\/revisions"}],"wp:featuredmedia":[{"embeddable":true,"href":"https:\/\/www.ilmercoledi.news\/ilmercoledi\/news\/wp-json\/wp\/v2\/media\/20850"}],"wp:attachment":[{"href":"https:\/\/www.ilmercoledi.news\/ilmercoledi\/news\/wp-json\/wp\/v2\/media?parent=46305"}],"wp:term":[{"taxonomy":"category","embeddable":true,"href":"https:\/\/www.ilmercoledi.news\/ilmercoledi\/news\/wp-json\/wp\/v2\/categories?post=46305"},{"taxonomy":"post_tag","embeddable":true,"href":"https:\/\/www.ilmercoledi.news\/ilmercoledi\/news\/wp-json\/wp\/v2\/tags?post=46305"},{"taxonomy":"news-destination","embeddable":true,"href":"https:\/\/www.ilmercoledi.news\/ilmercoledi\/news\/wp-json\/wp\/v2\/news-destination?post=46305"},{"taxonomy":"news-source","embeddable":true,"href":"https:\/\/www.ilmercoledi.news\/ilmercoledi\/news\/wp-json\/wp\/v2\/news-source?post=46305"},{"taxonomy":"is_homepage","embeddable":true,"href":"https:\/\/www.ilmercoledi.news\/ilmercoledi\/news\/wp-json\/wp\/v2\/is_homepage?post=46305"},{"taxonomy":"ta_other","embeddable":true,"href":"https:\/\/www.ilmercoledi.news\/ilmercoledi\/news\/wp-json\/wp\/v2\/ta_other?post=46305"}],"curies":[{"name":"wp","href":"https:\/\/api.w.org\/{rel}","templated":true}]}}