{"id":46314,"date":"2022-04-04T15:20:51","date_gmt":"2022-04-04T13:20:51","guid":{"rendered":"https:\/\/www-ilmercoledi-news-*.sitenm.com\/?p=46314"},"modified":"2022-04-04T15:22:10","modified_gmt":"2022-04-04T13:22:10","slug":"poirino-greenminds-al-salone-italia","status":"publish","type":"post","link":"https:\/\/www.ilmercoledi.news\/2022\/04\/04\/poirino-greenminds-al-salone-italia\/","title":{"rendered":"POIRINO &#8211; &#8216;Greenminds&#8217; al Salone Italia"},"content":{"rendered":"<p>Una donna, un\u2019idrologa, \u00e8 in missione nello spazio: da anni, cerca l\u2019acqua su altri pianeti. Da questo viaggio, si mette in comunicazione con la Terra e conduce chi ascolta in un percorso dalle tappe inaspettate per la sensibilizzazione alla salvaguardia dell\u2019ambiente.\u00a0Sara D&#8217;Amario propone sabato 9 aprile &#8220;Greenminds&#8221;, il suo \u00abone woman show\u00bb dove la Terra vista dallo spazio viene messa a nudo. Appuntamento alle 21 al Salone Italia di Poirino, passeggiata Marconi: la serata \u00e8 organizzata dalla torinese\u00a0Onda Larsen\u00a0in collaborazione con la\u00a0Fondazione Piemonte dal Vivo e il Comune di\u00a0Poirino, e grazie all&#8217;Associazione Le Gesta e Vissi d\u2019Arte. Biglietto unico a 10 euro: lo spettacolo fa parte della rassegna\u00a0\u201cWonderland: la meraviglia continua\u201d.\u00a0\u00a0Niente slogan o belle idee: D&#8217;Amario, dal palco, incrocia cultura, scienza, economia, cittadinanza e salvaguardia dell\u2019ambiente. E mette in guardia sulle\u00a0fake news, invitandoci a verificare le nostre fonti di informazione \u00abper non inquinare il cervello\u00bb.<\/p>\n<p>Di fronte a un cambiamento climatico diventato ovvio, &#8220;Greenminds&#8221; invita a un cambiamento mentale.\u00a0 &#8220;Attraverso lo spettacolo &#8211; spiegano gli autori -, proponiamo di andare avanti, insieme, a livelli diversi, verso un futuro sostenibile, basato in parte sui Green Jobs, sui 17 obiettivi dell\u2019ONU e sull\u2019osservazione dell\u2019ambiente mentale in cui viviamo\u2026 \u00c8 necessario riflettere con lucidit\u00e0 e con umorismo per affrontare argomenti che toccano tutte le generazioni ma soprattutto gli adolescenti che sono il futuro, argomenti e realt\u00e0 ogni giorno pi\u00f9 invadenti, che vanno dalle fake news all\u2019intelligenza artificiale. Lo spettacolo sar\u00e0 uno strumento per aprire un dialogo trasversale tra generazioni, una visione comune per genitori e figli, una possibilit\u00e0 di riflettere ed agire insieme su questo nuovo mondo green che dobbiamo costruire partendo dai parchi, i fiumi e i giardini della nostra citt\u00e0.\u00a0L\u2019ambizione \u00e8 quella di valorizzare ci\u00f2 che esiste ed \u00e8 vicino a noi, per poi offrire una visione delle iniziative, delle invenzioni, delle ricerche sorprendenti e straordinarie che la Scienza ed alcune start-up propongono per aiutare il pianeta e i suoi abitanti; un modo per allargare e ridisegnare i nostri orizzonti, scoprendo i Green Jobs, quando, come e perch\u00e9 sono nati, cosa sono oggi e come stanno evolvendo per diventare la chiave essenziale del nostro futuro&#8221;.<\/p>\n","protected":false},"excerpt":{"rendered":"","protected":false},"author":11,"featured_media":46313,"comment_status":"open","ping_status":"closed","sticky":false,"template":"","format":"standard","meta":[],"categories":[34],"tags":[],"news-destination":[],"news-source":[],"is_homepage":[],"ta_other":[],"_links":{"self":[{"href":"https:\/\/www.ilmercoledi.news\/ilmercoledi\/news\/wp-json\/wp\/v2\/posts\/46314"}],"collection":[{"href":"https:\/\/www.ilmercoledi.news\/ilmercoledi\/news\/wp-json\/wp\/v2\/posts"}],"about":[{"href":"https:\/\/www.ilmercoledi.news\/ilmercoledi\/news\/wp-json\/wp\/v2\/types\/post"}],"author":[{"embeddable":true,"href":"https:\/\/www.ilmercoledi.news\/ilmercoledi\/news\/wp-json\/wp\/v2\/users\/11"}],"replies":[{"embeddable":true,"href":"https:\/\/www.ilmercoledi.news\/ilmercoledi\/news\/wp-json\/wp\/v2\/comments?post=46314"}],"version-history":[{"count":0,"href":"https:\/\/www.ilmercoledi.news\/ilmercoledi\/news\/wp-json\/wp\/v2\/posts\/46314\/revisions"}],"wp:featuredmedia":[{"embeddable":true,"href":"https:\/\/www.ilmercoledi.news\/ilmercoledi\/news\/wp-json\/wp\/v2\/media\/46313"}],"wp:attachment":[{"href":"https:\/\/www.ilmercoledi.news\/ilmercoledi\/news\/wp-json\/wp\/v2\/media?parent=46314"}],"wp:term":[{"taxonomy":"category","embeddable":true,"href":"https:\/\/www.ilmercoledi.news\/ilmercoledi\/news\/wp-json\/wp\/v2\/categories?post=46314"},{"taxonomy":"post_tag","embeddable":true,"href":"https:\/\/www.ilmercoledi.news\/ilmercoledi\/news\/wp-json\/wp\/v2\/tags?post=46314"},{"taxonomy":"news-destination","embeddable":true,"href":"https:\/\/www.ilmercoledi.news\/ilmercoledi\/news\/wp-json\/wp\/v2\/news-destination?post=46314"},{"taxonomy":"news-source","embeddable":true,"href":"https:\/\/www.ilmercoledi.news\/ilmercoledi\/news\/wp-json\/wp\/v2\/news-source?post=46314"},{"taxonomy":"is_homepage","embeddable":true,"href":"https:\/\/www.ilmercoledi.news\/ilmercoledi\/news\/wp-json\/wp\/v2\/is_homepage?post=46314"},{"taxonomy":"ta_other","embeddable":true,"href":"https:\/\/www.ilmercoledi.news\/ilmercoledi\/news\/wp-json\/wp\/v2\/ta_other?post=46314"}],"curies":[{"name":"wp","href":"https:\/\/api.w.org\/{rel}","templated":true}]}}