{"id":46379,"date":"2022-04-07T07:01:44","date_gmt":"2022-04-07T05:01:44","guid":{"rendered":"https:\/\/www-ilmercoledi-news-*.sitenm.com\/?p=46379"},"modified":"2022-04-07T07:03:15","modified_gmt":"2022-04-07T05:03:15","slug":"sport-allippodromo-di-vinovo-e-conto-alla-rovescia-per-levento-dellanno","status":"publish","type":"post","link":"https:\/\/www.ilmercoledi.news\/2022\/04\/07\/sport-allippodromo-di-vinovo-e-conto-alla-rovescia-per-levento-dellanno\/","title":{"rendered":"SPORT &#8211; All&#8217;ippodromo di Vinovo \u00e8 conto alla rovescia per l&#8217;evento dell&#8217;anno"},"content":{"rendered":"<p lang=\"en-US\">La seconda di aprile \u00e8 la settimana del\u00a0Gran Premio Costa Azzurra, la corsa delle corse per l\u2019Ippodromo di Vinovo.\u00a0Domenica 10\u00a0l&#8217;impianto torinese metter\u00e0 l&#8217;abito da festa, quello dei gal\u00e0. Perch\u00e9 all&#8217;appello della manifestazione che incorona solo le grandi firme hanno risposto in 12 e ancora prima del via quella del 2022 si preannuncia come un&#8217;edizione memorabile. Come tutti i grandi eventi dell\u2019Ippodromo vinovese, anche il Costa Azzurra \u00e8 patrocinato dalla\u00a0Citt\u00e0\u00a0Metropolitana di Torino.<\/p>\n<p lang=\"en-US\">Nel\u00a0pomeriggio di domenica 10\u00a0(il 17 ci sar\u00e0 poi il doppio appuntamento con il Gran Premio Citt\u00e0 di Torino) si potr\u00e0 vedere in gara\u00a0il meglio del trotto italiano, ma anche una degna rappresentanza di quello straniero, perch\u00e9 il Costa Azzurra \u00e8 la prima prova del\u00a0circuito \u201cTrot Grande Vitesse\u201d. A partire da chi scatter\u00e0 al palo,\u00a0Cokstile\u00a0condotto da Gabriele Gelormini, pupillo di Renato Santese che ha gi\u00e0 vinto il Costa Azzurra due anni fa. Al loro fianco l\u2019unico straniero a tutti gli effetti, il francese\u00a0Dreammoko\u00a0condotto da una vecchia conoscenza di Vinovo come Wim Paal, e\u00a0Amon You Sm\u00a0(terzo nella passata edizione), affidato questa volta ad uno degli idoli di casa, Andrea Guzzinati. Poi\u00a0Vernissage Grif, nato all&#8217;allevamento \u201cIl Grifone\u201d di Vigone e condotto da Alessandro Gocciadoro. In prima fila anche\u00a0Bleff Dipa, che non vince da un anno ma nel suo palmar\u00e9s ha pur sempre un derby (V.P. Dell\u2019Annunziata).\u00a0Molto atteso anche\u00a0Blackflash Bar\u00a0condotto da Santo Mollo, che a Vinovo ha gi\u00e0 vinto il Marangoni e il Citt\u00e0 di Torino. A chiudere la prima fila\u00a0Zacon Gi\u00f2,\u00a0condotto da\u00a0Roberto Vecchione. Poi Enrico Bellei, che questa volta porter\u00e0\u00a0Birba Caf\u00a0lasciando\u00a0Banderas Bi\u00a0nelle mani di Pippo Gubellini al suo fianco.\u00a0Zaccaria Bar, gi\u00e0 secondo nella passata edizione, sar\u00e0 condotto da Vincenzo Luongo, mentre\u00a0Vaprio\u00a0sar\u00e0 affidato a Ren\u00e8 Legati. Infine\u00a0Atik Dl\u00a0insieme ad Antonio Di Nardo.<\/p>\n<p lang=\"en-US\">In occasione del Gran Premio Costa Azzurra per i pi\u00f9 giovani e le loro famiglie torneranno il\u00a0battesimo della sella con Horse House, i\u00a0puledrini\u00a0insieme alle loro mamme, gli animali della fattoria con\u00a0\u201cIl Giardino dei Sapori\u201d\u00a0ma anche tanti giochi di gruppo, la caccia al tesoro di Circowow e il parco giochi. E poi, per tutti, i\u00a0ferri da cavallo creati dal maniscalco dell\u2019Ippodromo\u00a0e l&#8217;esposizione della\u00a0carrozza di Adamo Martin. Nel suo stand l\u2019UGI\u00a0metter\u00e0 in vendita le colombe Bonifanti, per raccogliere fondi a favore dei bambini ucraini. La\u00a0Societ\u00e0 Cacce a\u00a0Cavallo nel Monferrato\u00a0sar\u00e0 presente con una ventina di cavalieri che, dopo aver fatto un tour nel Parco di Stupinigi, accompagneranno il cavallo vincitore in premiazione simulando poi una caccia alla volpe all\u2019interno della pista.<\/p>\n<p lang=\"en-US\">A partire dalle 12,30 sar\u00e0 aperta l&#8217;Hippo-Trattoria della terrazza panoramica, con men\u00f9 a prezzo fisso e prenotazione al numero telefonico 333-081017. Ci saranno anche lo street food all&#8217;aperto e i bar aperti dall\u2019ora di pranzo per tutto il pomeriggio.<\/p>\n","protected":false},"excerpt":{"rendered":"","protected":false},"author":11,"featured_media":46378,"comment_status":"open","ping_status":"closed","sticky":false,"template":"","format":"standard","meta":[],"categories":[34],"tags":[],"news-destination":[],"news-source":[],"is_homepage":[],"ta_other":[],"_links":{"self":[{"href":"https:\/\/www.ilmercoledi.news\/ilmercoledi\/news\/wp-json\/wp\/v2\/posts\/46379"}],"collection":[{"href":"https:\/\/www.ilmercoledi.news\/ilmercoledi\/news\/wp-json\/wp\/v2\/posts"}],"about":[{"href":"https:\/\/www.ilmercoledi.news\/ilmercoledi\/news\/wp-json\/wp\/v2\/types\/post"}],"author":[{"embeddable":true,"href":"https:\/\/www.ilmercoledi.news\/ilmercoledi\/news\/wp-json\/wp\/v2\/users\/11"}],"replies":[{"embeddable":true,"href":"https:\/\/www.ilmercoledi.news\/ilmercoledi\/news\/wp-json\/wp\/v2\/comments?post=46379"}],"version-history":[{"count":0,"href":"https:\/\/www.ilmercoledi.news\/ilmercoledi\/news\/wp-json\/wp\/v2\/posts\/46379\/revisions"}],"wp:featuredmedia":[{"embeddable":true,"href":"https:\/\/www.ilmercoledi.news\/ilmercoledi\/news\/wp-json\/wp\/v2\/media\/46378"}],"wp:attachment":[{"href":"https:\/\/www.ilmercoledi.news\/ilmercoledi\/news\/wp-json\/wp\/v2\/media?parent=46379"}],"wp:term":[{"taxonomy":"category","embeddable":true,"href":"https:\/\/www.ilmercoledi.news\/ilmercoledi\/news\/wp-json\/wp\/v2\/categories?post=46379"},{"taxonomy":"post_tag","embeddable":true,"href":"https:\/\/www.ilmercoledi.news\/ilmercoledi\/news\/wp-json\/wp\/v2\/tags?post=46379"},{"taxonomy":"news-destination","embeddable":true,"href":"https:\/\/www.ilmercoledi.news\/ilmercoledi\/news\/wp-json\/wp\/v2\/news-destination?post=46379"},{"taxonomy":"news-source","embeddable":true,"href":"https:\/\/www.ilmercoledi.news\/ilmercoledi\/news\/wp-json\/wp\/v2\/news-source?post=46379"},{"taxonomy":"is_homepage","embeddable":true,"href":"https:\/\/www.ilmercoledi.news\/ilmercoledi\/news\/wp-json\/wp\/v2\/is_homepage?post=46379"},{"taxonomy":"ta_other","embeddable":true,"href":"https:\/\/www.ilmercoledi.news\/ilmercoledi\/news\/wp-json\/wp\/v2\/ta_other?post=46379"}],"curies":[{"name":"wp","href":"https:\/\/api.w.org\/{rel}","templated":true}]}}