{"id":4642,"date":"2018-04-06T16:14:02","date_gmt":"2018-04-06T14:14:02","guid":{"rendered":"http:\/\/euwps02.tecnavia.com\/ilmercoledi\/news\/?p=4642"},"modified":"2018-04-06T16:14:04","modified_gmt":"2018-04-06T14:14:04","slug":"moncalieri-al-polifunzionale-santa-maria-si-scoprono-rettili","status":"publish","type":"post","link":"https:\/\/www.ilmercoledi.news\/2018\/04\/06\/moncalieri-al-polifunzionale-santa-maria-si-scoprono-rettili\/","title":{"rendered":"MONCALIERI &#8211; Al polifunzionale di Santa Maria si scoprono i rettili"},"content":{"rendered":"<p align=\"JUSTIFY\">Sabato 14 aprile, dalle 10 alle 18, il Punto di Svolta di Santa Maria apre le porte all\u2019esotismo con la mostra \u201cAlla scoperta del fantastico mondo dei rettili\u201d. L\u2019evento nasce dall\u2019idea di Exodomus, un gruppo di giovani studenti appassionati di animali esotici e desiderosi di far conoscere agli altri questo affascinante universo, sfatando falsi miti e superando paure diffuse attraverso la conoscenza diretta degli animali.<\/p>\n<p align=\"JUSTIFY\">Al Polifunzionale di Via Santa Maria 27 bis dalle 10 alle 13 e dalle 14 alle 18 saranno esposti numerosi rettili appartenenti a diverse specie. L\u2019ingresso \u00e8 libero e aperto a tutti ed \u00e8 prevista, ogni trenta minuti, una visita guidata in compagnia degli organizzatori.<\/p>\n<p align=\"JUSTIFY\">L\u2019appuntamento del 14 aprile costituisce la tappa conclusiva del laboratorio \u201cScopri i rettili\u201d, realizzato dai ragazzi di Exodomus tra febbraio e marzo nelle scuole primarie Montessori, Marco Polo, Battisti, Gabelli ed Emma Strada: un progetto didattico nato dalla volont\u00e0 di avvicinare i giovanissimi studenti al misterioso mondo dei rettili, attraverso lezioni in aula e la visione diretta degli animali.<\/p>\n<p align=\"JUSTIFY\">\u201cL\u2019idea della mostra, cos\u00ec come i laboratori nelle scuole, nasce dalla volont\u00e0 di abbattere, attraverso la conoscenza diretta degli animali, le paure, gli stereotipi e i pregiudizi che molte persone hanno nei confronti dei rettili\u201d, spiegano Andrea, Riccardo e Fabrizio dell\u2019Associazione Exodomus.<\/p>\n<p align=\"JUSTIFY\">\u201cPer la realizzazione di questo evento, cos\u00ec come di molti altri, abbiamo scelto la significativa cornice del Polifunzionale di Santa Maria, centro di aggregazione giovanile che da anni ospita attivit\u00e0, iniziative e progetti destinati alla cittadinanza. Attraverso questa scelta il Comune di Moncalieri ha voluto mettere in luce e valorizzare l\u2019impegno e l\u2019entusiasmo di giovani appassionati, capaci e intraprendenti che troppo spesso rimangono nell\u2019ombra\u201d, afferma il Sindaco Paolo Montagna.<\/p>\n<p align=\"JUSTIFY\">\u201cScopri i rettili nasce nell\u2019ambito di Lemon Lab\u201d, spiega il Capo di Gabinetto Davide Guida \u201cprogetto della Citt\u00e0 di Moncalieri che si propone come incubatore di idee e iniziative giovanili. La mostra \u00e8 una delle numerose attivit\u00e0 realizzate nell\u2019ambito di questo spazio creativo, animato dall\u2019impegno di tanti ragazzi e da progetti quali l\u2019aula studio dei Femto e la Web Radio\u201d.<\/p>\n<p align=\"JUSTIFY\">L\u2019evento \u00e8 gratuito. Gradita la prenotazione.<\/p>\n<p>Per informazioni e prenotazioni contattare gli uffici di MoncalieriGiovane, Tel 011 64 22 38,<\/p>\n<p>moncalierigiovane@comune.moncalieri.to.it, fb: Moncalierigiovane, www.moncalierigiovane.it<\/p>\n","protected":false},"excerpt":{"rendered":"","protected":false},"author":11,"featured_media":2841,"comment_status":"open","ping_status":"closed","sticky":false,"template":"","format":"standard","meta":[],"categories":[34],"tags":[],"news-destination":[],"news-source":[],"is_homepage":[],"ta_other":[],"_links":{"self":[{"href":"https:\/\/www.ilmercoledi.news\/ilmercoledi\/news\/wp-json\/wp\/v2\/posts\/4642"}],"collection":[{"href":"https:\/\/www.ilmercoledi.news\/ilmercoledi\/news\/wp-json\/wp\/v2\/posts"}],"about":[{"href":"https:\/\/www.ilmercoledi.news\/ilmercoledi\/news\/wp-json\/wp\/v2\/types\/post"}],"author":[{"embeddable":true,"href":"https:\/\/www.ilmercoledi.news\/ilmercoledi\/news\/wp-json\/wp\/v2\/users\/11"}],"replies":[{"embeddable":true,"href":"https:\/\/www.ilmercoledi.news\/ilmercoledi\/news\/wp-json\/wp\/v2\/comments?post=4642"}],"version-history":[{"count":1,"href":"https:\/\/www.ilmercoledi.news\/ilmercoledi\/news\/wp-json\/wp\/v2\/posts\/4642\/revisions"}],"predecessor-version":[{"id":4643,"href":"https:\/\/www.ilmercoledi.news\/ilmercoledi\/news\/wp-json\/wp\/v2\/posts\/4642\/revisions\/4643"}],"wp:featuredmedia":[{"embeddable":true,"href":"https:\/\/www.ilmercoledi.news\/ilmercoledi\/news\/wp-json\/wp\/v2\/media\/2841"}],"wp:attachment":[{"href":"https:\/\/www.ilmercoledi.news\/ilmercoledi\/news\/wp-json\/wp\/v2\/media?parent=4642"}],"wp:term":[{"taxonomy":"category","embeddable":true,"href":"https:\/\/www.ilmercoledi.news\/ilmercoledi\/news\/wp-json\/wp\/v2\/categories?post=4642"},{"taxonomy":"post_tag","embeddable":true,"href":"https:\/\/www.ilmercoledi.news\/ilmercoledi\/news\/wp-json\/wp\/v2\/tags?post=4642"},{"taxonomy":"news-destination","embeddable":true,"href":"https:\/\/www.ilmercoledi.news\/ilmercoledi\/news\/wp-json\/wp\/v2\/news-destination?post=4642"},{"taxonomy":"news-source","embeddable":true,"href":"https:\/\/www.ilmercoledi.news\/ilmercoledi\/news\/wp-json\/wp\/v2\/news-source?post=4642"},{"taxonomy":"is_homepage","embeddable":true,"href":"https:\/\/www.ilmercoledi.news\/ilmercoledi\/news\/wp-json\/wp\/v2\/is_homepage?post=4642"},{"taxonomy":"ta_other","embeddable":true,"href":"https:\/\/www.ilmercoledi.news\/ilmercoledi\/news\/wp-json\/wp\/v2\/ta_other?post=4642"}],"curies":[{"name":"wp","href":"https:\/\/api.w.org\/{rel}","templated":true}]}}