{"id":46432,"date":"2022-04-11T13:59:48","date_gmt":"2022-04-11T11:59:48","guid":{"rendered":"https:\/\/www-ilmercoledi-news-*.sitenm.com\/?p=46432"},"modified":"2022-04-11T14:01:09","modified_gmt":"2022-04-11T12:01:09","slug":"carmagnola-riparte-la-preghiera-per-le-vocazioni-a-salsasio","status":"publish","type":"post","link":"https:\/\/www.ilmercoledi.news\/2022\/04\/11\/carmagnola-riparte-la-preghiera-per-le-vocazioni-a-salsasio\/","title":{"rendered":"CARMAGNOLA &#8211; Riparte la preghiera per le Vocazioni a Salsasio"},"content":{"rendered":"<p>Domenica 24 aprile ripartir\u00e0 la preghiera per le Vocazioni alla parrocchia di Salsasio, in Carmagnola. Dopo la pausa forzata dovuta alle restrizioni legate alla pandemia, ripartiranno ora le attivit\u00e0 del gruppo di preghiera per le Vocazioni, ma con molte novit\u00e0. La preghiera sar\u00e0 animata e guidata dalle suore di Sant&#8217;Anna, figlie spirituali della Beata Enrichetta, mentre il gruppo sar\u00e0 coordinato da suor Angela. L&#8217;incontro di preghiera si terr\u00e0 ogni prima e terza domenica del mese, rispettivamente una volta in chiesa antica e una volta in chiesa nuova, sempre alle 15. Si inizier\u00e0 il 24 aprile alle 15 in chiesa nuova, per poi passare all&#8217;8 maggio nella chiesa antica e il 22 maggio nuovamente in chiesa nuova.<\/p>\n","protected":false},"excerpt":{"rendered":"","protected":false},"author":11,"featured_media":34354,"comment_status":"open","ping_status":"closed","sticky":false,"template":"","format":"standard","meta":[],"categories":[34],"tags":[],"news-destination":[],"news-source":[],"is_homepage":[],"ta_other":[],"_links":{"self":[{"href":"https:\/\/www.ilmercoledi.news\/ilmercoledi\/news\/wp-json\/wp\/v2\/posts\/46432"}],"collection":[{"href":"https:\/\/www.ilmercoledi.news\/ilmercoledi\/news\/wp-json\/wp\/v2\/posts"}],"about":[{"href":"https:\/\/www.ilmercoledi.news\/ilmercoledi\/news\/wp-json\/wp\/v2\/types\/post"}],"author":[{"embeddable":true,"href":"https:\/\/www.ilmercoledi.news\/ilmercoledi\/news\/wp-json\/wp\/v2\/users\/11"}],"replies":[{"embeddable":true,"href":"https:\/\/www.ilmercoledi.news\/ilmercoledi\/news\/wp-json\/wp\/v2\/comments?post=46432"}],"version-history":[{"count":0,"href":"https:\/\/www.ilmercoledi.news\/ilmercoledi\/news\/wp-json\/wp\/v2\/posts\/46432\/revisions"}],"wp:featuredmedia":[{"embeddable":true,"href":"https:\/\/www.ilmercoledi.news\/ilmercoledi\/news\/wp-json\/wp\/v2\/media\/34354"}],"wp:attachment":[{"href":"https:\/\/www.ilmercoledi.news\/ilmercoledi\/news\/wp-json\/wp\/v2\/media?parent=46432"}],"wp:term":[{"taxonomy":"category","embeddable":true,"href":"https:\/\/www.ilmercoledi.news\/ilmercoledi\/news\/wp-json\/wp\/v2\/categories?post=46432"},{"taxonomy":"post_tag","embeddable":true,"href":"https:\/\/www.ilmercoledi.news\/ilmercoledi\/news\/wp-json\/wp\/v2\/tags?post=46432"},{"taxonomy":"news-destination","embeddable":true,"href":"https:\/\/www.ilmercoledi.news\/ilmercoledi\/news\/wp-json\/wp\/v2\/news-destination?post=46432"},{"taxonomy":"news-source","embeddable":true,"href":"https:\/\/www.ilmercoledi.news\/ilmercoledi\/news\/wp-json\/wp\/v2\/news-source?post=46432"},{"taxonomy":"is_homepage","embeddable":true,"href":"https:\/\/www.ilmercoledi.news\/ilmercoledi\/news\/wp-json\/wp\/v2\/is_homepage?post=46432"},{"taxonomy":"ta_other","embeddable":true,"href":"https:\/\/www.ilmercoledi.news\/ilmercoledi\/news\/wp-json\/wp\/v2\/ta_other?post=46432"}],"curies":[{"name":"wp","href":"https:\/\/api.w.org\/{rel}","templated":true}]}}