{"id":46856,"date":"2022-05-06T06:59:43","date_gmt":"2022-05-06T04:59:43","guid":{"rendered":"https:\/\/www-ilmercoledi-news-*.sitenm.com\/?p=46856"},"modified":"2022-05-06T07:00:50","modified_gmt":"2022-05-06T05:00:50","slug":"moncalieri-il-9-maggio-incontro-in-regione-tra-lassessorato-e-i-sindaci-sullospedale-unico","status":"publish","type":"post","link":"https:\/\/www.ilmercoledi.news\/2022\/05\/06\/moncalieri-il-9-maggio-incontro-in-regione-tra-lassessorato-e-i-sindaci-sullospedale-unico\/","title":{"rendered":"MONCALIERI &#8211; Il 9 maggio incontro in Regione tra l&#8217;assessorato e i sindaci sull&#8217;ospedale unico"},"content":{"rendered":"<p>Luned\u00ec 9 maggio \u00e8 stata organizzata una riunione, convocata dell&#8217;assessore alla sanit\u00e0 regionale Luigi Icardi, con la presenza di cinque\u00a0sindaci del territorio Asl To 5, in riferimento alle varie zone omogenee e distretti,\u00a0per discutere sull&#8217;ospedale unico. L&#8217;incontro si preannuncia caldo: i sindaci da mesi chiedono un confronto per il tema del nuovo nosocomio e dopo la decisione regionale di prediligere Cambiano, la tensione \u00e8 salita alle stelle.<\/p>\n","protected":false},"excerpt":{"rendered":"","protected":false},"author":11,"featured_media":37093,"comment_status":"open","ping_status":"closed","sticky":false,"template":"","format":"standard","meta":[],"categories":[34],"tags":[],"news-destination":[],"news-source":[],"is_homepage":[],"ta_other":[],"_links":{"self":[{"href":"https:\/\/www.ilmercoledi.news\/ilmercoledi\/news\/wp-json\/wp\/v2\/posts\/46856"}],"collection":[{"href":"https:\/\/www.ilmercoledi.news\/ilmercoledi\/news\/wp-json\/wp\/v2\/posts"}],"about":[{"href":"https:\/\/www.ilmercoledi.news\/ilmercoledi\/news\/wp-json\/wp\/v2\/types\/post"}],"author":[{"embeddable":true,"href":"https:\/\/www.ilmercoledi.news\/ilmercoledi\/news\/wp-json\/wp\/v2\/users\/11"}],"replies":[{"embeddable":true,"href":"https:\/\/www.ilmercoledi.news\/ilmercoledi\/news\/wp-json\/wp\/v2\/comments?post=46856"}],"version-history":[{"count":0,"href":"https:\/\/www.ilmercoledi.news\/ilmercoledi\/news\/wp-json\/wp\/v2\/posts\/46856\/revisions"}],"wp:featuredmedia":[{"embeddable":true,"href":"https:\/\/www.ilmercoledi.news\/ilmercoledi\/news\/wp-json\/wp\/v2\/media\/37093"}],"wp:attachment":[{"href":"https:\/\/www.ilmercoledi.news\/ilmercoledi\/news\/wp-json\/wp\/v2\/media?parent=46856"}],"wp:term":[{"taxonomy":"category","embeddable":true,"href":"https:\/\/www.ilmercoledi.news\/ilmercoledi\/news\/wp-json\/wp\/v2\/categories?post=46856"},{"taxonomy":"post_tag","embeddable":true,"href":"https:\/\/www.ilmercoledi.news\/ilmercoledi\/news\/wp-json\/wp\/v2\/tags?post=46856"},{"taxonomy":"news-destination","embeddable":true,"href":"https:\/\/www.ilmercoledi.news\/ilmercoledi\/news\/wp-json\/wp\/v2\/news-destination?post=46856"},{"taxonomy":"news-source","embeddable":true,"href":"https:\/\/www.ilmercoledi.news\/ilmercoledi\/news\/wp-json\/wp\/v2\/news-source?post=46856"},{"taxonomy":"is_homepage","embeddable":true,"href":"https:\/\/www.ilmercoledi.news\/ilmercoledi\/news\/wp-json\/wp\/v2\/is_homepage?post=46856"},{"taxonomy":"ta_other","embeddable":true,"href":"https:\/\/www.ilmercoledi.news\/ilmercoledi\/news\/wp-json\/wp\/v2\/ta_other?post=46856"}],"curies":[{"name":"wp","href":"https:\/\/api.w.org\/{rel}","templated":true}]}}