{"id":46998,"date":"2022-05-16T14:54:38","date_gmt":"2022-05-16T12:54:38","guid":{"rendered":"https:\/\/www-ilmercoledi-news-*.sitenm.com\/?p=46998"},"modified":"2022-05-16T14:55:35","modified_gmt":"2022-05-16T12:55:35","slug":"salone-del-libro-citta-metropolitana-presente-con-giornate-dedicate-alla-scuola","status":"publish","type":"post","link":"https:\/\/www.ilmercoledi.news\/2022\/05\/16\/salone-del-libro-citta-metropolitana-presente-con-giornate-dedicate-alla-scuola\/","title":{"rendered":"SALONE DEL LIBRO &#8211; Citt\u00e0 Metropolitana presente con giornate dedicate alla scuola"},"content":{"rendered":"<p>Anche quest&#8217;anno Citt\u00e0 metropolitana di Torino \u00e8 presente al Salone del Libro condividendo lo stand istituzionale con la Citt\u00e0 di Torino.<\/p>\n<p>Una presenza che per questa edizione raddoppia, alla luce dello spazio che all\u2019Oval sar\u00e0 allestito per le biblioteche piemontesi e le Civiche comunali, dove sar\u00e0 presente anche la &#8220;Biblioteca di Storia e Cultura del Piemonte&#8221; di Palazzo Cisterna intitolata a Giuseppe Grosso. Un\u2019occasione importante per far conoscere l\u2019istituzione custode di un immenso patrimonio culturale, incunaboli, fondi, volumi digitalizzati.<\/p>\n<p>Lo stand istituzionale nel padiglione 1 accanto alla famosa torre di Confin\u00f2 ospiter\u00e0 una serie di approfondimenti tematici.<\/p>\n<p>Si comincia\u00a0gioved\u00ec 19 maggio h 14\u00a0con \u201cOrientati per la scuola\u201d, un incontro realizzato in collaborazione con il Cesedi, Centro Servizi Didattici di Citt\u00e0 metropolitana, e la Casa degli insegnanti per parlare dei percorsi di formazioni per docenti e studenti.<\/p>\n<p>Venerd\u00ec 20 maggio h 11\u00a0con \u201cUna Citt\u00e0 metropolitana metromontana\u201d si affronta con amministratori del territorio e giornalisti la realt\u00e0 metropolitana torinese, territorialmente la pi\u00f9 estesa d\u2019Europa.<\/p>\n","protected":false},"excerpt":{"rendered":"","protected":false},"author":11,"featured_media":10400,"comment_status":"open","ping_status":"closed","sticky":false,"template":"","format":"standard","meta":[],"categories":[294],"tags":[],"news-destination":[],"news-source":[],"is_homepage":[],"ta_other":[],"_links":{"self":[{"href":"https:\/\/www.ilmercoledi.news\/ilmercoledi\/news\/wp-json\/wp\/v2\/posts\/46998"}],"collection":[{"href":"https:\/\/www.ilmercoledi.news\/ilmercoledi\/news\/wp-json\/wp\/v2\/posts"}],"about":[{"href":"https:\/\/www.ilmercoledi.news\/ilmercoledi\/news\/wp-json\/wp\/v2\/types\/post"}],"author":[{"embeddable":true,"href":"https:\/\/www.ilmercoledi.news\/ilmercoledi\/news\/wp-json\/wp\/v2\/users\/11"}],"replies":[{"embeddable":true,"href":"https:\/\/www.ilmercoledi.news\/ilmercoledi\/news\/wp-json\/wp\/v2\/comments?post=46998"}],"version-history":[{"count":0,"href":"https:\/\/www.ilmercoledi.news\/ilmercoledi\/news\/wp-json\/wp\/v2\/posts\/46998\/revisions"}],"wp:featuredmedia":[{"embeddable":true,"href":"https:\/\/www.ilmercoledi.news\/ilmercoledi\/news\/wp-json\/wp\/v2\/media\/10400"}],"wp:attachment":[{"href":"https:\/\/www.ilmercoledi.news\/ilmercoledi\/news\/wp-json\/wp\/v2\/media?parent=46998"}],"wp:term":[{"taxonomy":"category","embeddable":true,"href":"https:\/\/www.ilmercoledi.news\/ilmercoledi\/news\/wp-json\/wp\/v2\/categories?post=46998"},{"taxonomy":"post_tag","embeddable":true,"href":"https:\/\/www.ilmercoledi.news\/ilmercoledi\/news\/wp-json\/wp\/v2\/tags?post=46998"},{"taxonomy":"news-destination","embeddable":true,"href":"https:\/\/www.ilmercoledi.news\/ilmercoledi\/news\/wp-json\/wp\/v2\/news-destination?post=46998"},{"taxonomy":"news-source","embeddable":true,"href":"https:\/\/www.ilmercoledi.news\/ilmercoledi\/news\/wp-json\/wp\/v2\/news-source?post=46998"},{"taxonomy":"is_homepage","embeddable":true,"href":"https:\/\/www.ilmercoledi.news\/ilmercoledi\/news\/wp-json\/wp\/v2\/is_homepage?post=46998"},{"taxonomy":"ta_other","embeddable":true,"href":"https:\/\/www.ilmercoledi.news\/ilmercoledi\/news\/wp-json\/wp\/v2\/ta_other?post=46998"}],"curies":[{"name":"wp","href":"https:\/\/api.w.org\/{rel}","templated":true}]}}