{"id":47260,"date":"2022-06-01T15:25:48","date_gmt":"2022-06-01T13:25:48","guid":{"rendered":"https:\/\/www-ilmercoledi-news-*.sitenm.com\/?p=47260"},"modified":"2022-06-01T15:27:12","modified_gmt":"2022-06-01T13:27:12","slug":"una-pecettese-si-esibira-per-la-regina-susanna-paisio-al-platinum-jubilee-pageant","status":"publish","type":"post","link":"https:\/\/www.ilmercoledi.news\/2022\/06\/01\/una-pecettese-si-esibira-per-la-regina-susanna-paisio-al-platinum-jubilee-pageant\/","title":{"rendered":"Una pecettese si esibir\u00e0 per la Regina: Susanna Paisio al Platinum Jubilee Pageant"},"content":{"rendered":"<p>Metti un giorno in cui apri la mail e trovi una missiva della corona britannica, la quale ti ha scritto per invitarti a prendere parte, in qualit\u00e0 di artista, alle rappresentazioni in onore del settantennio del regno di Sua Maest\u00e0 Elisabetta II. E\u2019 quanto capitato nei giorni scorsi alla pecettese, ma ormai londinese d\u2019adozione, Susanna Paisio, che precedentemente si era candidata per l\u2019importante appuntamento che animer\u00e0 l\u2019area antistante Buckingham Palace il 5 giugno, ovvero domenica prossima. Come dire che ci sperava, ma la certezza \u00e8 arrivata solo con quel messaggio di posta elettronica. E ora l\u2019emozione \u00e8 alla stelle, come lei stessa ci racconta. \u201cAvevo 9 anni e, con la mia amica del cuore, nei lunghi pomeriggi delle vacanze estive trascorsi in campagna dai nonni,\u00a0sognavo Londra.\u00a0In bilico sui tacchi 12 di zia Elena, giocavamo a fare le coriste dei Duran Duran, usando la sua grande stanza come palco, per fare le entrate e le mosse di Simon Le Bon, mentre Ziggy Stardust osservava enigmatico dal muro. Dopo vent&#8217;anni di spettacoli, festival e incontri extra ordinari con la mia compagnia, il Gruppo del Cerchio, la vita fa un giro tutto suo e mi ha portato a Londra per davvero. Questa citt\u00e0 \u00e8 una gigantesca e labirintica camera di zia Elena sempre aperta, di notte e di giorno, e decisamente pi\u00f9 affollata! Cos\u00ec metto su gli anfibi (i tacchi a spillo in metro non ci stanno pi\u00f9) e faccio musica. Ormai da quasi 6 anni. E la giostra, qualche settimana fa, ha girato pi\u00f9 forte che mai: nella casella di posta mi ha fatto trovare la risposta di \u00abHer Majesty The Queen\u2019s Platinum Jubilee Pageant\u00bb. La mia application, mandata con la follia che serve per andare a una corsa di cavalli e decidere di puntare su quello che \u2026 ha il nome pi\u00f9 bello, si \u00e8 rivelata vincente. S\u00ec perch\u00e9 io volevo esserci alla sfilata epocale dove si festeggiano 70 anni di Storia e di Musica, ma era una cosa talmente gigantesca che non osavo nemmeno pensarlo per davvero. Cos\u00ec, ho scelto una foto con l&#8217;outfit di Song Of The Earth, (il singolo uscito lo scorso novembre in occasione di COP26) e, con gli occhi chiusi e il cuore a ritmo di Rock, ho pigiato Send. E alla fine la risposta \u00e8 arrivata: il 5 giugno, grazie anche al &#8220;wearable painting&#8221; firmato Tiziano Guardini che, sono certa, sarebbe piaciuto anche a Bowie, prender\u00f2 parte all&#8217;immensa parata, nel gruppo del Glam Rock David Bowie Style degli Anni 70. Sfileranno sette decadi, dagli Anni 50 ai 2010, ognuna rappresentata dagli eventi e dalla musica che li ha caratterizzati: 2000 performer solo nella sezione delle decadi, chiamata Times Of Our Lives, di cui 31, selezionati uno a uno, per il Glam Rock\u201d. E conclude: \u201cTra di loro io, un\u2019indie artist arrivata da Pecetto Torinese<strong>.<\/strong> Percorrer\u00f2 la via dell&#8217;Incoronazione, da Westminster Abbey a Buckingham Palace, in una grande celebrazione che sar\u00e0 &#8220;Pop, Social, Green, Inclusive&#8221;, secondo le linee tracciate negli ultimi anni dalla Regina. \u00a0Quel giorno si chiuderanno alcuni cerchi che quei piedi di bimba sui tacchi avevano cominciato a disegnare, sotto gli occhi indecifrabili di Bowie. E questa volta, i Duran Duran saranno l\u00ec anche loro, poco pi\u00f9 in l\u00e0, a cantare e a condividere la stessa grande emozione.<\/p>\n","protected":false},"excerpt":{"rendered":"","protected":false},"author":10,"featured_media":47259,"comment_status":"open","ping_status":"closed","sticky":false,"template":"","format":"standard","meta":[],"categories":[34,9],"tags":[],"news-destination":[],"news-source":[],"is_homepage":[],"ta_other":[],"_links":{"self":[{"href":"https:\/\/www.ilmercoledi.news\/ilmercoledi\/news\/wp-json\/wp\/v2\/posts\/47260"}],"collection":[{"href":"https:\/\/www.ilmercoledi.news\/ilmercoledi\/news\/wp-json\/wp\/v2\/posts"}],"about":[{"href":"https:\/\/www.ilmercoledi.news\/ilmercoledi\/news\/wp-json\/wp\/v2\/types\/post"}],"author":[{"embeddable":true,"href":"https:\/\/www.ilmercoledi.news\/ilmercoledi\/news\/wp-json\/wp\/v2\/users\/10"}],"replies":[{"embeddable":true,"href":"https:\/\/www.ilmercoledi.news\/ilmercoledi\/news\/wp-json\/wp\/v2\/comments?post=47260"}],"version-history":[{"count":0,"href":"https:\/\/www.ilmercoledi.news\/ilmercoledi\/news\/wp-json\/wp\/v2\/posts\/47260\/revisions"}],"wp:featuredmedia":[{"embeddable":true,"href":"https:\/\/www.ilmercoledi.news\/ilmercoledi\/news\/wp-json\/wp\/v2\/media\/47259"}],"wp:attachment":[{"href":"https:\/\/www.ilmercoledi.news\/ilmercoledi\/news\/wp-json\/wp\/v2\/media?parent=47260"}],"wp:term":[{"taxonomy":"category","embeddable":true,"href":"https:\/\/www.ilmercoledi.news\/ilmercoledi\/news\/wp-json\/wp\/v2\/categories?post=47260"},{"taxonomy":"post_tag","embeddable":true,"href":"https:\/\/www.ilmercoledi.news\/ilmercoledi\/news\/wp-json\/wp\/v2\/tags?post=47260"},{"taxonomy":"news-destination","embeddable":true,"href":"https:\/\/www.ilmercoledi.news\/ilmercoledi\/news\/wp-json\/wp\/v2\/news-destination?post=47260"},{"taxonomy":"news-source","embeddable":true,"href":"https:\/\/www.ilmercoledi.news\/ilmercoledi\/news\/wp-json\/wp\/v2\/news-source?post=47260"},{"taxonomy":"is_homepage","embeddable":true,"href":"https:\/\/www.ilmercoledi.news\/ilmercoledi\/news\/wp-json\/wp\/v2\/is_homepage?post=47260"},{"taxonomy":"ta_other","embeddable":true,"href":"https:\/\/www.ilmercoledi.news\/ilmercoledi\/news\/wp-json\/wp\/v2\/ta_other?post=47260"}],"curies":[{"name":"wp","href":"https:\/\/api.w.org\/{rel}","templated":true}]}}