{"id":47341,"date":"2022-06-06T07:03:42","date_gmt":"2022-06-06T05:03:42","guid":{"rendered":"https:\/\/www-ilmercoledi-news-*.sitenm.com\/?p=47341"},"modified":"2022-06-06T07:05:29","modified_gmt":"2022-06-06T05:05:29","slug":"la-loggia-polemiche-sul-nuovo-polo-sportivo","status":"publish","type":"post","link":"https:\/\/www.ilmercoledi.news\/2022\/06\/06\/la-loggia-polemiche-sul-nuovo-polo-sportivo\/","title":{"rendered":"LA LOGGIA &#8211; Polemiche sul nuovo polo sportivo"},"content":{"rendered":"<p>Polemiche a La Loggia sul nuovo polo sportivo, preannunciato dal sindaco Domenico Romano. Il tema \u00e8 l&#8217;esondabilit\u00e0 dell&#8217;area, che qualcuno ha messo in primo piano, sottolineando la presenza di un rio che non garantirebbe la sicurezza per chi far\u00e0 sport in quel sito. Piccata la replica di Romano: &#8220;Sono pi\u00f9 di vent\u2019anni che si parla del centro sportivo, ma nessuna delle Amministrazioni precedenti ha mosso il primo passo per la sua realizzazione: dopo aver individuato un\u2019area, la stessa \u00e8 stata inserita nel piano regolatore e si \u00e8 atteso che, dopo l\u2019approvazione all\u2019unanimit\u00e0 del consiglio comunale, tornasse indietro con l\u2019approvazione della Regione Piemonte. Ci\u00f2 \u00e8 finalmente avvenuto, ecco perch\u00e9 fa stupire leggere che si ipotizza che l\u2019area individuata non sia idonea in quanto alluvionabile. Esiste una relazione geotecnica degli esperti della Regione (tutti gli atti sono a disposizione di chiunque) che indica che la zona individuata nel piano regolatore, \u00e8 appropriata. Anche in questo caso non c\u2019\u00e8 tempo da perdere; ma occorrer\u00e0, se riconfermati come speriamo, rimetterci al lavoro per offrire in tempi brevi a tutti i giovani del paese quel luogo tanto desiderato e agognato dove poter svolgere diverse attivit\u00e0 sportive: non solo campo di calcio, calcetto a 7, ma anche 2 campi di tennis 2 di padel, spogliatoi per ogni disciplina, un tendone per multidiscipline (basket\/pallavolo\/twirlin&#8230;) e la club housing con sala video conferenze e ristorazione&#8221;.<\/p>\n","protected":false},"excerpt":{"rendered":"","protected":false},"author":11,"featured_media":47340,"comment_status":"open","ping_status":"closed","sticky":false,"template":"","format":"standard","meta":[],"categories":[34],"tags":[],"news-destination":[],"news-source":[],"is_homepage":[],"ta_other":[],"_links":{"self":[{"href":"https:\/\/www.ilmercoledi.news\/ilmercoledi\/news\/wp-json\/wp\/v2\/posts\/47341"}],"collection":[{"href":"https:\/\/www.ilmercoledi.news\/ilmercoledi\/news\/wp-json\/wp\/v2\/posts"}],"about":[{"href":"https:\/\/www.ilmercoledi.news\/ilmercoledi\/news\/wp-json\/wp\/v2\/types\/post"}],"author":[{"embeddable":true,"href":"https:\/\/www.ilmercoledi.news\/ilmercoledi\/news\/wp-json\/wp\/v2\/users\/11"}],"replies":[{"embeddable":true,"href":"https:\/\/www.ilmercoledi.news\/ilmercoledi\/news\/wp-json\/wp\/v2\/comments?post=47341"}],"version-history":[{"count":0,"href":"https:\/\/www.ilmercoledi.news\/ilmercoledi\/news\/wp-json\/wp\/v2\/posts\/47341\/revisions"}],"wp:featuredmedia":[{"embeddable":true,"href":"https:\/\/www.ilmercoledi.news\/ilmercoledi\/news\/wp-json\/wp\/v2\/media\/47340"}],"wp:attachment":[{"href":"https:\/\/www.ilmercoledi.news\/ilmercoledi\/news\/wp-json\/wp\/v2\/media?parent=47341"}],"wp:term":[{"taxonomy":"category","embeddable":true,"href":"https:\/\/www.ilmercoledi.news\/ilmercoledi\/news\/wp-json\/wp\/v2\/categories?post=47341"},{"taxonomy":"post_tag","embeddable":true,"href":"https:\/\/www.ilmercoledi.news\/ilmercoledi\/news\/wp-json\/wp\/v2\/tags?post=47341"},{"taxonomy":"news-destination","embeddable":true,"href":"https:\/\/www.ilmercoledi.news\/ilmercoledi\/news\/wp-json\/wp\/v2\/news-destination?post=47341"},{"taxonomy":"news-source","embeddable":true,"href":"https:\/\/www.ilmercoledi.news\/ilmercoledi\/news\/wp-json\/wp\/v2\/news-source?post=47341"},{"taxonomy":"is_homepage","embeddable":true,"href":"https:\/\/www.ilmercoledi.news\/ilmercoledi\/news\/wp-json\/wp\/v2\/is_homepage?post=47341"},{"taxonomy":"ta_other","embeddable":true,"href":"https:\/\/www.ilmercoledi.news\/ilmercoledi\/news\/wp-json\/wp\/v2\/ta_other?post=47341"}],"curies":[{"name":"wp","href":"https:\/\/api.w.org\/{rel}","templated":true}]}}