{"id":47351,"date":"2022-06-06T13:45:43","date_gmt":"2022-06-06T11:45:43","guid":{"rendered":"https:\/\/www-ilmercoledi-news-*.sitenm.com\/?p=47351"},"modified":"2022-06-06T13:46:43","modified_gmt":"2022-06-06T11:46:43","slug":"sicurezza-cala-il-personale-dei-vigili-del-fuoco-a-torino-e-i-sindacati-scrivono-al-prefetto","status":"publish","type":"post","link":"https:\/\/www.ilmercoledi.news\/2022\/06\/06\/sicurezza-cala-il-personale-dei-vigili-del-fuoco-a-torino-e-i-sindacati-scrivono-al-prefetto\/","title":{"rendered":"SICUREZZA &#8211; Cala il personale dei vigili del fuoco a Torino e i sindacati scrivono al Prefetto"},"content":{"rendered":"<p>Protestano i sindacati dei vigili del fuoco sulla carenza del personale e cos\u00ec prendono carta e penna per scrivere al Prefetto. &#8220;Gli ultimi 2 anni &#8211; si legge nella missiva -,\u00a0 e sino almeno al 2024, si registrer\u00e0 il pensionamento di oltre150 persone, tutti esperti qualificati spesso specialisti quali NBCR, sommozzatori, autisti, ecc. Ma alla loro quiescenza non coincide un rimpiazzo proporzionato a tali cifre. Crediamo che un provvedimento serio volto a fronteggiare tale situazione di perenne emergenza non sia pi\u00f9 prorogabile, pertanto riteniamo sia giusto da parte nostra, alla luce dell&#8217;impegno che ogni giorno assolviamo a salvaguardia della cittadinanza denunciare con forza la situazione al collasso che vive il comando provinciale dei Vigili del Fuoco di Torino. Basta consultare gli archivi per rendersi conto, al netto anche delle legittime leggi speciali che scaturiscono in una migrazione verso altri comandi, del costante ridimensionamento di Unit\u00e0 presso il comando negli ultimi 20 anni<\/p>\n<p>Delegazioni Provinciali di Torino richiedendo per\u00f2 al personale di adempiere a compiti sempre pi\u00f9 speculari allo sviluppo delle tecniche volte a fronteggiare scenari interventistici sempre pi\u00f9 complessi rispetto al passato. Gli uomini e le donne del Comando di Torino sono costretti ogni giorno a lavorare con mezzi talvolta vetusti e sottoposti a carichi di lavoro di una portata che va ben oltre la media Italiana arrecando non pochi rischi alla salute del personale di fronte ai quali come organizzazioni sindacali non possiamo restare a guardare&#8221;.<\/p>\n","protected":false},"excerpt":{"rendered":"","protected":false},"author":11,"featured_media":43739,"comment_status":"open","ping_status":"closed","sticky":false,"template":"","format":"standard","meta":[],"categories":[34],"tags":[],"news-destination":[],"news-source":[],"is_homepage":[],"ta_other":[],"_links":{"self":[{"href":"https:\/\/www.ilmercoledi.news\/ilmercoledi\/news\/wp-json\/wp\/v2\/posts\/47351"}],"collection":[{"href":"https:\/\/www.ilmercoledi.news\/ilmercoledi\/news\/wp-json\/wp\/v2\/posts"}],"about":[{"href":"https:\/\/www.ilmercoledi.news\/ilmercoledi\/news\/wp-json\/wp\/v2\/types\/post"}],"author":[{"embeddable":true,"href":"https:\/\/www.ilmercoledi.news\/ilmercoledi\/news\/wp-json\/wp\/v2\/users\/11"}],"replies":[{"embeddable":true,"href":"https:\/\/www.ilmercoledi.news\/ilmercoledi\/news\/wp-json\/wp\/v2\/comments?post=47351"}],"version-history":[{"count":0,"href":"https:\/\/www.ilmercoledi.news\/ilmercoledi\/news\/wp-json\/wp\/v2\/posts\/47351\/revisions"}],"wp:featuredmedia":[{"embeddable":true,"href":"https:\/\/www.ilmercoledi.news\/ilmercoledi\/news\/wp-json\/wp\/v2\/media\/43739"}],"wp:attachment":[{"href":"https:\/\/www.ilmercoledi.news\/ilmercoledi\/news\/wp-json\/wp\/v2\/media?parent=47351"}],"wp:term":[{"taxonomy":"category","embeddable":true,"href":"https:\/\/www.ilmercoledi.news\/ilmercoledi\/news\/wp-json\/wp\/v2\/categories?post=47351"},{"taxonomy":"post_tag","embeddable":true,"href":"https:\/\/www.ilmercoledi.news\/ilmercoledi\/news\/wp-json\/wp\/v2\/tags?post=47351"},{"taxonomy":"news-destination","embeddable":true,"href":"https:\/\/www.ilmercoledi.news\/ilmercoledi\/news\/wp-json\/wp\/v2\/news-destination?post=47351"},{"taxonomy":"news-source","embeddable":true,"href":"https:\/\/www.ilmercoledi.news\/ilmercoledi\/news\/wp-json\/wp\/v2\/news-source?post=47351"},{"taxonomy":"is_homepage","embeddable":true,"href":"https:\/\/www.ilmercoledi.news\/ilmercoledi\/news\/wp-json\/wp\/v2\/is_homepage?post=47351"},{"taxonomy":"ta_other","embeddable":true,"href":"https:\/\/www.ilmercoledi.news\/ilmercoledi\/news\/wp-json\/wp\/v2\/ta_other?post=47351"}],"curies":[{"name":"wp","href":"https:\/\/api.w.org\/{rel}","templated":true}]}}