{"id":47388,"date":"2022-06-07T15:21:18","date_gmt":"2022-06-07T13:21:18","guid":{"rendered":"https:\/\/www-ilmercoledi-news-*.sitenm.com\/?p=47388"},"modified":"2022-06-07T15:22:25","modified_gmt":"2022-06-07T13:22:25","slug":"moncalieri-due-serate-di-danza-alle-fonderie-limone","status":"publish","type":"post","link":"https:\/\/www.ilmercoledi.news\/2022\/06\/07\/moncalieri-due-serate-di-danza-alle-fonderie-limone\/","title":{"rendered":"MONCALIERI &#8211; Due serate di danza alle Fonderie Limone"},"content":{"rendered":"<p>Dopo l&#8217;esito positivo del progetto Dancin&#8217; together 2021 che ha visto protagonista la Danza dopo il lungo periodo di forzata pausa, causato dalla pandemia, alle Fonderie Limone il 23 dicembre 2021 con Le luci del Musical, spettacolo prodotto e portato in scena da BDM Groupdi Barbara Casto e dalla Compagnia Jazz ballet di Adriana Cava, l&#8217;associazione &#8220;Balletto di Moncalieri&#8221; per il 2022 presenta il progetto DANCIN &#8216; TOGETHER 2022, che vede protagonista la Danza a 360\u00b0con innovativi studi e interpretazioni coreografiche, che porteranno in scena giovani talenti.<\/p>\n<p>Il Progetto prevede la programmazione di due serate-evento<\/p>\n<p>Marted\u00ec 14 giugno alle Fonderie Limone si terr\u00e0 il Gal\u00e0 \u201cPremio Danza Moncalieri 2022 \u201dcon la partecipazione di giovani talenti che si esibiranno in performance coreografiche di danza classica e contemporanea in gruppi, passi a due e assoli. E&#8217; prevista la presenza dell&#8217;ospite internazionale Virna Toppi, prima ballerina del Teatro alla Scala di Milano, nonch\u00e9 partner di Roberto Bolle, che si esibir\u00e0 in una suggestiva coreografia.<\/p>\n<p>Mercoledi 15 giugno alle Fonderie Limone si terr\u00e0 il Gal\u00e0 \u201cPremio Danza Moncalieri 2022\u201ccon la partecipazione di giovani talenti che si esibiranno in performance coreografiche di danza moderna ed hip-hop in gruppi, passi a due e assoli. E&#8217; prevista la presenza dell&#8217;ospite internazionale X-five, Antonio Cinque, esponente di rilievo della streetdance, performer di talent televisivi che sta riscuotendo notevoli successi in Cina e in Europa.<\/p>\n","protected":false},"excerpt":{"rendered":"","protected":false},"author":11,"featured_media":6113,"comment_status":"open","ping_status":"closed","sticky":false,"template":"","format":"standard","meta":[],"categories":[34],"tags":[],"news-destination":[],"news-source":[],"is_homepage":[],"ta_other":[],"_links":{"self":[{"href":"https:\/\/www.ilmercoledi.news\/ilmercoledi\/news\/wp-json\/wp\/v2\/posts\/47388"}],"collection":[{"href":"https:\/\/www.ilmercoledi.news\/ilmercoledi\/news\/wp-json\/wp\/v2\/posts"}],"about":[{"href":"https:\/\/www.ilmercoledi.news\/ilmercoledi\/news\/wp-json\/wp\/v2\/types\/post"}],"author":[{"embeddable":true,"href":"https:\/\/www.ilmercoledi.news\/ilmercoledi\/news\/wp-json\/wp\/v2\/users\/11"}],"replies":[{"embeddable":true,"href":"https:\/\/www.ilmercoledi.news\/ilmercoledi\/news\/wp-json\/wp\/v2\/comments?post=47388"}],"version-history":[{"count":0,"href":"https:\/\/www.ilmercoledi.news\/ilmercoledi\/news\/wp-json\/wp\/v2\/posts\/47388\/revisions"}],"wp:featuredmedia":[{"embeddable":true,"href":"https:\/\/www.ilmercoledi.news\/ilmercoledi\/news\/wp-json\/wp\/v2\/media\/6113"}],"wp:attachment":[{"href":"https:\/\/www.ilmercoledi.news\/ilmercoledi\/news\/wp-json\/wp\/v2\/media?parent=47388"}],"wp:term":[{"taxonomy":"category","embeddable":true,"href":"https:\/\/www.ilmercoledi.news\/ilmercoledi\/news\/wp-json\/wp\/v2\/categories?post=47388"},{"taxonomy":"post_tag","embeddable":true,"href":"https:\/\/www.ilmercoledi.news\/ilmercoledi\/news\/wp-json\/wp\/v2\/tags?post=47388"},{"taxonomy":"news-destination","embeddable":true,"href":"https:\/\/www.ilmercoledi.news\/ilmercoledi\/news\/wp-json\/wp\/v2\/news-destination?post=47388"},{"taxonomy":"news-source","embeddable":true,"href":"https:\/\/www.ilmercoledi.news\/ilmercoledi\/news\/wp-json\/wp\/v2\/news-source?post=47388"},{"taxonomy":"is_homepage","embeddable":true,"href":"https:\/\/www.ilmercoledi.news\/ilmercoledi\/news\/wp-json\/wp\/v2\/is_homepage?post=47388"},{"taxonomy":"ta_other","embeddable":true,"href":"https:\/\/www.ilmercoledi.news\/ilmercoledi\/news\/wp-json\/wp\/v2\/ta_other?post=47388"}],"curies":[{"name":"wp","href":"https:\/\/api.w.org\/{rel}","templated":true}]}}