{"id":47695,"date":"2022-06-22T14:58:18","date_gmt":"2022-06-22T12:58:18","guid":{"rendered":"https:\/\/www-ilmercoledi-news-*.sitenm.com\/?p=47695"},"modified":"2022-06-22T14:58:47","modified_gmt":"2022-06-22T12:58:47","slug":"vinovo-musica-jazz-e-corse-allippodromo","status":"publish","type":"post","link":"https:\/\/www.ilmercoledi.news\/2022\/06\/22\/vinovo-musica-jazz-e-corse-allippodromo\/","title":{"rendered":"VINOVO &#8211; Musica Jazz e corse all&#8217;ippodromo"},"content":{"rendered":"<p>Con mercoled\u00ec 22 giugno alle 21. all\u2019ippodromo di Vinovo prende il via l\u2019Hippo Jazz Festival, che si svolger\u00e0 in seguito nelle date del 9 e 23 luglio, momenti raffinati che sapranno coinvolgere nella magica atmosfera del Jazz il pubblico presente per le riunioni di corse. Un qualcosa di diverso che abbinato alle corse, ed alla ristorazione proposta dal Fil-Hippo\u2019s Restaurant e dallo Street Food, risulter\u00e0 un mix completo per una bella serata. Nell\u2019occasione del convegno di mercoled\u00ec a scendere in pista ci saranno i proprietari dei cavalli in possesso della licenza da Gentlemen che si contenderanno le otto corse in programma che prenderanno il via attorno alle 19,00.La corsa pi\u00f9 sentita non tanto per il montepremi in oggetto, ma per le persone a cui \u00e8 dedicata, sar\u00e0 il memorial Antonio e Mario Colombino, rispettivamente pap\u00e0 dei cugini Luigi ed Enrico, personaggi per noi ippici piemontesi di grande spessore che \u00e8 sempre un piacere poter ricordare ad anni di stanza dalla loro scomparsa. La corsa sulla distanza dei due giri completi di pista, suddivisa sui tre nastri, vedr\u00e0 al via 11 cavalli con alle guide i loro proprietari.<\/p>\n","protected":false},"excerpt":{"rendered":"","protected":false},"author":11,"featured_media":4905,"comment_status":"open","ping_status":"closed","sticky":false,"template":"","format":"standard","meta":[],"categories":[34],"tags":[],"news-destination":[],"news-source":[],"is_homepage":[],"ta_other":[],"_links":{"self":[{"href":"https:\/\/www.ilmercoledi.news\/ilmercoledi\/news\/wp-json\/wp\/v2\/posts\/47695"}],"collection":[{"href":"https:\/\/www.ilmercoledi.news\/ilmercoledi\/news\/wp-json\/wp\/v2\/posts"}],"about":[{"href":"https:\/\/www.ilmercoledi.news\/ilmercoledi\/news\/wp-json\/wp\/v2\/types\/post"}],"author":[{"embeddable":true,"href":"https:\/\/www.ilmercoledi.news\/ilmercoledi\/news\/wp-json\/wp\/v2\/users\/11"}],"replies":[{"embeddable":true,"href":"https:\/\/www.ilmercoledi.news\/ilmercoledi\/news\/wp-json\/wp\/v2\/comments?post=47695"}],"version-history":[{"count":0,"href":"https:\/\/www.ilmercoledi.news\/ilmercoledi\/news\/wp-json\/wp\/v2\/posts\/47695\/revisions"}],"wp:featuredmedia":[{"embeddable":true,"href":"https:\/\/www.ilmercoledi.news\/ilmercoledi\/news\/wp-json\/wp\/v2\/media\/4905"}],"wp:attachment":[{"href":"https:\/\/www.ilmercoledi.news\/ilmercoledi\/news\/wp-json\/wp\/v2\/media?parent=47695"}],"wp:term":[{"taxonomy":"category","embeddable":true,"href":"https:\/\/www.ilmercoledi.news\/ilmercoledi\/news\/wp-json\/wp\/v2\/categories?post=47695"},{"taxonomy":"post_tag","embeddable":true,"href":"https:\/\/www.ilmercoledi.news\/ilmercoledi\/news\/wp-json\/wp\/v2\/tags?post=47695"},{"taxonomy":"news-destination","embeddable":true,"href":"https:\/\/www.ilmercoledi.news\/ilmercoledi\/news\/wp-json\/wp\/v2\/news-destination?post=47695"},{"taxonomy":"news-source","embeddable":true,"href":"https:\/\/www.ilmercoledi.news\/ilmercoledi\/news\/wp-json\/wp\/v2\/news-source?post=47695"},{"taxonomy":"is_homepage","embeddable":true,"href":"https:\/\/www.ilmercoledi.news\/ilmercoledi\/news\/wp-json\/wp\/v2\/is_homepage?post=47695"},{"taxonomy":"ta_other","embeddable":true,"href":"https:\/\/www.ilmercoledi.news\/ilmercoledi\/news\/wp-json\/wp\/v2\/ta_other?post=47695"}],"curies":[{"name":"wp","href":"https:\/\/api.w.org\/{rel}","templated":true}]}}