{"id":47747,"date":"2022-06-27T14:40:03","date_gmt":"2022-06-27T12:40:03","guid":{"rendered":"https:\/\/www-ilmercoledi-news-*.sitenm.com\/?p=47747"},"modified":"2022-06-27T14:41:30","modified_gmt":"2022-06-27T12:41:30","slug":"moncalieri-il-mago-di-oz-arriva-al-giardino-delle-rose","status":"publish","type":"post","link":"https:\/\/www.ilmercoledi.news\/2022\/06\/27\/moncalieri-il-mago-di-oz-arriva-al-giardino-delle-rose\/","title":{"rendered":"MONCALIERI &#8211; Il mago di Oz arriva al Giardino delle Rose"},"content":{"rendered":"<p dir=\"ltr\">Marted\u00ec 5 e mercoled\u00ec 6 luglio alle 10 il secondo appuntamento di Summerland Fest \u2013 Alla Luce del Sole, il Festival organizzato da Santibriganti Teatro a Moncalieri, con un focus di matin\u00e9e per l\u2019Estate ragazzi cittadine. Lettura animata per bambini \u201cOz\u201d con Claudio e Zoe Sportelli. Il\u00a0Summerland Fest \u00e8 un elemento di punta del cartellone culturale estivo Moncalieri Summer Experience che si svolge tra le location pi\u00f9 qualificate della citt\u00e0 come Giardino delle Rose, Parco delle Vallere, Fonderie Limone, chiese e borgate moncalieresi.<\/p>\n<p dir=\"ltr\">Un padre e una figlia si calano in uno dei romanzi pi\u00f9 famosi ed amati per l&#8217;infanzia, e con l&#8217;energia di un tornado ci portano dal Kansas al meraviglioso Paese di Oz. Un viaggio di formazione in cui coraggio, intelligenza e cuore saranno a fianco dell&#8217;eroina dalle luccicanti scarpette, tutto per scoprire che il posto da cui veniamo \u00e8 quello a cui vogliamo fare ritorno.\u201d<\/p>\n<p dir=\"ltr\">Si ricorda inoltre che gli appuntamenti di Summerland Fest di Santibriganti Teatro proseguiranno fino al 2 settembre, al Giardino delle Rose e alla Cascina delle Vallere di Moncalieri. Spettacoli, concerti e matin\u00e9e per i bambini allieteranno l\u2019estate moncalierese. Gli eventi serali alterneranno teatro, musica, danze tradizioni, comicit\u00e0 e spettacoli di magia.<\/p>\n<p align=\"justify\">\u201cL\u2019estate \u00e8 iniziata e i moncalieresi e non solo tornano a incontrarsi a Cascina Le Vallere e al Giardino delle Rose per seguire le proposte teatrali contenute nel grande cartellone culturale Moncalieri Summer Experience. Ringrazio Santi Briganti che gi\u00e0 nel 2021 ci ha deliziato con la rassegna estiva Corte Palestro, confortata da un grande successo di pubblico\u00a0\u2013 commenta soddisfatta l\u2019assessore alla Cultura Laura Pompeo &#8211;\u00a0Ci auguriamo che gli appuntamenti di Summerland Fest generino nel pubblico, come dev\u2019essere, il piacere e la ricchezza di fruire la bellezza, l\u2019arte e la cultura di cui il genio umano \u00e8 capace, riavvicinandoci a una dimensione di comunit\u00e0 e di piacere di fare e crescere insieme\u201d.<\/p>\n<p dir=\"ltr\">\n","protected":false},"excerpt":{"rendered":"","protected":false},"author":11,"featured_media":7318,"comment_status":"open","ping_status":"closed","sticky":false,"template":"","format":"standard","meta":[],"categories":[34],"tags":[],"news-destination":[],"news-source":[],"is_homepage":[],"ta_other":[],"_links":{"self":[{"href":"https:\/\/www.ilmercoledi.news\/ilmercoledi\/news\/wp-json\/wp\/v2\/posts\/47747"}],"collection":[{"href":"https:\/\/www.ilmercoledi.news\/ilmercoledi\/news\/wp-json\/wp\/v2\/posts"}],"about":[{"href":"https:\/\/www.ilmercoledi.news\/ilmercoledi\/news\/wp-json\/wp\/v2\/types\/post"}],"author":[{"embeddable":true,"href":"https:\/\/www.ilmercoledi.news\/ilmercoledi\/news\/wp-json\/wp\/v2\/users\/11"}],"replies":[{"embeddable":true,"href":"https:\/\/www.ilmercoledi.news\/ilmercoledi\/news\/wp-json\/wp\/v2\/comments?post=47747"}],"version-history":[{"count":0,"href":"https:\/\/www.ilmercoledi.news\/ilmercoledi\/news\/wp-json\/wp\/v2\/posts\/47747\/revisions"}],"wp:featuredmedia":[{"embeddable":true,"href":"https:\/\/www.ilmercoledi.news\/ilmercoledi\/news\/wp-json\/wp\/v2\/media\/7318"}],"wp:attachment":[{"href":"https:\/\/www.ilmercoledi.news\/ilmercoledi\/news\/wp-json\/wp\/v2\/media?parent=47747"}],"wp:term":[{"taxonomy":"category","embeddable":true,"href":"https:\/\/www.ilmercoledi.news\/ilmercoledi\/news\/wp-json\/wp\/v2\/categories?post=47747"},{"taxonomy":"post_tag","embeddable":true,"href":"https:\/\/www.ilmercoledi.news\/ilmercoledi\/news\/wp-json\/wp\/v2\/tags?post=47747"},{"taxonomy":"news-destination","embeddable":true,"href":"https:\/\/www.ilmercoledi.news\/ilmercoledi\/news\/wp-json\/wp\/v2\/news-destination?post=47747"},{"taxonomy":"news-source","embeddable":true,"href":"https:\/\/www.ilmercoledi.news\/ilmercoledi\/news\/wp-json\/wp\/v2\/news-source?post=47747"},{"taxonomy":"is_homepage","embeddable":true,"href":"https:\/\/www.ilmercoledi.news\/ilmercoledi\/news\/wp-json\/wp\/v2\/is_homepage?post=47747"},{"taxonomy":"ta_other","embeddable":true,"href":"https:\/\/www.ilmercoledi.news\/ilmercoledi\/news\/wp-json\/wp\/v2\/ta_other?post=47747"}],"curies":[{"name":"wp","href":"https:\/\/api.w.org\/{rel}","templated":true}]}}