{"id":47947,"date":"2022-07-08T07:04:57","date_gmt":"2022-07-08T05:04:57","guid":{"rendered":"https:\/\/www-ilmercoledi-news-*.sitenm.com\/?p=47947"},"modified":"2022-07-08T07:06:18","modified_gmt":"2022-07-08T05:06:18","slug":"nichelino-figlia-e-nipote-di-mandela-incontrano-la-citta","status":"publish","type":"post","link":"https:\/\/www.ilmercoledi.news\/2022\/07\/08\/nichelino-figlia-e-nipote-di-mandela-incontrano-la-citta\/","title":{"rendered":"NICHELINO &#8211; Figlia e nipote di Mandela incontrano la citt\u00e0"},"content":{"rendered":"<p>In Italia per presentare alla Fashion Week di Torino\u00a0The Struggle Series, la collezione di moda streetwear che riprende i disegni originali realizzati dal Premio Nobel Nelson Mandela, Makaziwe e Tukwini Mandela (rispettivamente figlia e nipote di Nelson Mandela) sono state ospiti, nel pomeriggio di gioved\u00ec 7 luglio, della Citt\u00e0 di Nichelino.<\/p>\n<p>A nome della Citt\u00e0, hanno portato i saluti il Sindaco Giampiero Tolardo e l\u2019Assessore alle Politiche Internazionali e Pace Alessandro Azzolina. Ha introdotto e moderato l\u2019incontro Michele Pansini.<\/p>\n<p>\u201c\u00c8 stato un grandissimo onore e un\u2019incredibile emozione avere a Nichelino Makaziwe Mandela \u2013 raccontano il Sindaco Giampiero Tolardo e l\u2019Assessore Alessandro Azzolina -. Un\u2019occasione importantissima per incontrare una donna di enorme carisma che si \u00e8 spesa per i diritti delle donne sudafricane e la loro emancipazione, economica in particolare. Una persona di grande cultura che ha ricoperto ruoli manageriali di primo piano, oltre ad essere stata componente del Consiglio di Amministrazione della Nelson Mandela Foundation\u201d.<\/p>\n<p>Durante l\u2019incontro, Makaziwe e Tukwini Mandela hanno affrontato il tema della costante lotta per i diritti che accomuna ogni cittadino e cittadina del Mondo. Non ci si deve mai fermare nella ricerca di pari opportunit\u00e0, si devono raggiungere non solo uguaglianza ma anche equit\u00e0. Non si pu\u00f2 pi\u00f9 pensare di offrire semplicemente a tutte e tutti le medesime risorse, \u00e8 giunto il momento di tenere anche ben presenti le differenti specificit\u00e0 di ogni individuo per poter\u00a0assegnare le risorse e le opportunit\u00e0 necessarie al raggiungimento di un medesimo risultato. Ognuno deve essere attore del cambiamento.<\/p>\n","protected":false},"excerpt":{"rendered":"","protected":false},"author":11,"featured_media":47946,"comment_status":"open","ping_status":"closed","sticky":false,"template":"","format":"standard","meta":[],"categories":[34],"tags":[],"news-destination":[],"news-source":[],"is_homepage":[],"ta_other":[],"_links":{"self":[{"href":"https:\/\/www.ilmercoledi.news\/ilmercoledi\/news\/wp-json\/wp\/v2\/posts\/47947"}],"collection":[{"href":"https:\/\/www.ilmercoledi.news\/ilmercoledi\/news\/wp-json\/wp\/v2\/posts"}],"about":[{"href":"https:\/\/www.ilmercoledi.news\/ilmercoledi\/news\/wp-json\/wp\/v2\/types\/post"}],"author":[{"embeddable":true,"href":"https:\/\/www.ilmercoledi.news\/ilmercoledi\/news\/wp-json\/wp\/v2\/users\/11"}],"replies":[{"embeddable":true,"href":"https:\/\/www.ilmercoledi.news\/ilmercoledi\/news\/wp-json\/wp\/v2\/comments?post=47947"}],"version-history":[{"count":0,"href":"https:\/\/www.ilmercoledi.news\/ilmercoledi\/news\/wp-json\/wp\/v2\/posts\/47947\/revisions"}],"wp:featuredmedia":[{"embeddable":true,"href":"https:\/\/www.ilmercoledi.news\/ilmercoledi\/news\/wp-json\/wp\/v2\/media\/47946"}],"wp:attachment":[{"href":"https:\/\/www.ilmercoledi.news\/ilmercoledi\/news\/wp-json\/wp\/v2\/media?parent=47947"}],"wp:term":[{"taxonomy":"category","embeddable":true,"href":"https:\/\/www.ilmercoledi.news\/ilmercoledi\/news\/wp-json\/wp\/v2\/categories?post=47947"},{"taxonomy":"post_tag","embeddable":true,"href":"https:\/\/www.ilmercoledi.news\/ilmercoledi\/news\/wp-json\/wp\/v2\/tags?post=47947"},{"taxonomy":"news-destination","embeddable":true,"href":"https:\/\/www.ilmercoledi.news\/ilmercoledi\/news\/wp-json\/wp\/v2\/news-destination?post=47947"},{"taxonomy":"news-source","embeddable":true,"href":"https:\/\/www.ilmercoledi.news\/ilmercoledi\/news\/wp-json\/wp\/v2\/news-source?post=47947"},{"taxonomy":"is_homepage","embeddable":true,"href":"https:\/\/www.ilmercoledi.news\/ilmercoledi\/news\/wp-json\/wp\/v2\/is_homepage?post=47947"},{"taxonomy":"ta_other","embeddable":true,"href":"https:\/\/www.ilmercoledi.news\/ilmercoledi\/news\/wp-json\/wp\/v2\/ta_other?post=47947"}],"curies":[{"name":"wp","href":"https:\/\/api.w.org\/{rel}","templated":true}]}}