{"id":48026,"date":"2022-07-13T17:23:42","date_gmt":"2022-07-13T15:23:42","guid":{"rendered":"https:\/\/www-ilmercoledi-news-*.sitenm.com\/?p=48026"},"modified":"2022-07-13T17:25:19","modified_gmt":"2022-07-13T15:25:19","slug":"motori-monica-caramellino-tocca-il-cielo-delle-montagne-olimpiche","status":"publish","type":"post","link":"https:\/\/www.ilmercoledi.news\/2022\/07\/13\/motori-monica-caramellino-tocca-il-cielo-delle-montagne-olimpiche\/","title":{"rendered":"MOTORI &#8211; Monica Caramellino tocca il cielo delle montagne olimpiche"},"content":{"rendered":"<p><strong>N<\/strong>on \u00e8 detto siano necessari i cronometri per vivere un\u2019esperienza\u00a0<strong>adrenalinica<\/strong>\u00a0al volante di una vettura da competizione. Ne era convinta\u00a0<strong>Monica Caramellino<\/strong>\u00a0e lo \u00e8 ancor di pi\u00f9 oggi, dopo aver affrontato nello scorso fine settimana la\u00a0<strong>Cesana-Sestriere Experience 2022.<\/strong><\/p>\n<p>\u201cLa mia partecipazione alla manifestazione delle\u00a0<strong>Montagne Olimpiche<\/strong>\u00a0\u00e8 nata quasi per caso\u201d racconta la pilotessa di Nole Canavese. \u201cIn occasione della gara di Automotoracing sulla Pista del Lingotto, venne a trovarmi ai box\u00a0<strong>Marco Boccardi<\/strong>, un compagno di scuola dei tempi delle superiori, che mi disse che un suo amico non vedente avrebbe avuto piacere di partecipare a un evento a fianco di un pilota\u201d. La modestia di\u00a0<strong>Monica Caramellino<\/strong>\u00a0stava per imporre una risposta negativa, invitandolo a cercare nel paddock un altro driver; poi per\u00f2 la curiosit\u00e0 di vivere qualcosa di diverso ha preso il sopravvento, portandola a rispondere di s\u00ec. Esaminati i calendari per individuare una data in cui essere partecipi di un\u2019avventura alternativa, la prima occasione \u00e8 arrivata con la\u00a0<strong>Cesana-Sestriere Experience<\/strong>, manifestazione che affiancava sullo stesso percorso la classica gara in salita\u00a0<strong>Cesana-Sestriere<\/strong>.<\/p>\n<p>\u201cNon avevo mai disputato una gara in salita, ma l\u2019entusiasmo di\u00a0<strong>Alessandro Varesano<\/strong>, il mio compagno di avventura non vedente di Collegno, mi ha coinvolto per tutto il fine settimana. Oltre tutto avevo la responsabilit\u00e0 di guidare non una vettura qualsiasi noleggiata da un preparatore, ma la sua\u00a0\u00a0<strong>SEAT Cupra<\/strong>, che lui cura con amore, cui ha dato un\u2019impronta corsaiola elaborando il motore fino a sviluppare\u00a0<strong>200 Cavalli<\/strong>\u201d.<\/p>\n<p><strong>Monica Caramellino<\/strong>\u00a0\u00e8 una pilotessa e una rallista meticolosa, che prepara certosinamente le sue uscite motoristiche. \u201cNon conoscevo la strada che da Cesana sale su fino al\u00a0<strong>Colle del Sestriere<\/strong>\u00a0e la memorizzazione del percorso \u00e8 una delle prerogative fondamentali delle cronoscalate\u201d. Perci\u00f2, nella salita di ricognizione di sabato niente pedale dell\u2019acceleratore schiacciato in fondo, ma sguardo attento a cogliere ogni particolare da memorizzare in vista della salita successiva, e i\u00a0<strong>duecento cavalli<\/strong>\u00a0lasciati a borbottare dentro il cofano.<\/p>\n<p>\u201cTutta un\u2019altra storia la\u00a0<strong>domenica<\/strong>, quando con Alessandro a fianco i duecento cavalli li abbiamo fatti\u00a0<strong>galoppare<\/strong>\u00a0e siamo saliti decisi e determinati dai 1300 metri di Cesana sino ai 2035 del Colle del Sestriere.\u00a0<strong>Diecimila quattrocento metri<\/strong>\u00a0di strada da percorrere tutti d\u2019un fiato arrivando a chiodo al dosso di Champlas du Col per staccare le ruote da terra. Cosa che io e Alessandro abbiamo fatto\u201d.<\/p>\n<p><strong>L\u2019Experience<\/strong>\u00a0non \u00e8 una gara e gli organizzatori non stilano una classifica a fine manifestazione. \u201cPer\u00f2 \u00e8 un momento di forte aggregazione e questa\u00a0<strong>esperienza con Alessandro<\/strong>\u00a0mi ha arricchita in modo significativo. Il suo essere non vedente non viene mai presentato come uno ostacolo ma uno stimolo a fare sempre meglio qualsiasi cosa abbia in mente, nello sport e nella vita\u201d. Terminata la manifestazione\u00a0<strong>foto di gruppo<\/strong>\u00a0tutti insieme e un confrontarsi su ogni metro del percorso. Con tanta voglia di tornare indietro e ricominciare dall\u2019inizio.<\/p>\n","protected":false},"excerpt":{"rendered":"","protected":false},"author":10,"featured_media":48025,"comment_status":"open","ping_status":"closed","sticky":false,"template":"","format":"standard","meta":[],"categories":[395,10],"tags":[],"news-destination":[],"news-source":[],"is_homepage":[],"ta_other":[],"_links":{"self":[{"href":"https:\/\/www.ilmercoledi.news\/ilmercoledi\/news\/wp-json\/wp\/v2\/posts\/48026"}],"collection":[{"href":"https:\/\/www.ilmercoledi.news\/ilmercoledi\/news\/wp-json\/wp\/v2\/posts"}],"about":[{"href":"https:\/\/www.ilmercoledi.news\/ilmercoledi\/news\/wp-json\/wp\/v2\/types\/post"}],"author":[{"embeddable":true,"href":"https:\/\/www.ilmercoledi.news\/ilmercoledi\/news\/wp-json\/wp\/v2\/users\/10"}],"replies":[{"embeddable":true,"href":"https:\/\/www.ilmercoledi.news\/ilmercoledi\/news\/wp-json\/wp\/v2\/comments?post=48026"}],"version-history":[{"count":0,"href":"https:\/\/www.ilmercoledi.news\/ilmercoledi\/news\/wp-json\/wp\/v2\/posts\/48026\/revisions"}],"wp:featuredmedia":[{"embeddable":true,"href":"https:\/\/www.ilmercoledi.news\/ilmercoledi\/news\/wp-json\/wp\/v2\/media\/48025"}],"wp:attachment":[{"href":"https:\/\/www.ilmercoledi.news\/ilmercoledi\/news\/wp-json\/wp\/v2\/media?parent=48026"}],"wp:term":[{"taxonomy":"category","embeddable":true,"href":"https:\/\/www.ilmercoledi.news\/ilmercoledi\/news\/wp-json\/wp\/v2\/categories?post=48026"},{"taxonomy":"post_tag","embeddable":true,"href":"https:\/\/www.ilmercoledi.news\/ilmercoledi\/news\/wp-json\/wp\/v2\/tags?post=48026"},{"taxonomy":"news-destination","embeddable":true,"href":"https:\/\/www.ilmercoledi.news\/ilmercoledi\/news\/wp-json\/wp\/v2\/news-destination?post=48026"},{"taxonomy":"news-source","embeddable":true,"href":"https:\/\/www.ilmercoledi.news\/ilmercoledi\/news\/wp-json\/wp\/v2\/news-source?post=48026"},{"taxonomy":"is_homepage","embeddable":true,"href":"https:\/\/www.ilmercoledi.news\/ilmercoledi\/news\/wp-json\/wp\/v2\/is_homepage?post=48026"},{"taxonomy":"ta_other","embeddable":true,"href":"https:\/\/www.ilmercoledi.news\/ilmercoledi\/news\/wp-json\/wp\/v2\/ta_other?post=48026"}],"curies":[{"name":"wp","href":"https:\/\/api.w.org\/{rel}","templated":true}]}}