{"id":48036,"date":"2022-07-14T08:41:59","date_gmt":"2022-07-14T06:41:59","guid":{"rendered":"https:\/\/www-ilmercoledi-news-*.sitenm.com\/?p=48036"},"modified":"2022-07-14T08:43:30","modified_gmt":"2022-07-14T06:43:30","slug":"la-loggia-partiti-i-lavori-per-la-rotonda-su-strada-nizza","status":"publish","type":"post","link":"https:\/\/www.ilmercoledi.news\/2022\/07\/14\/la-loggia-partiti-i-lavori-per-la-rotonda-su-strada-nizza\/","title":{"rendered":"LA LOGGIA \u2013 Partiti i lavori per la rotonda su strada Nizza"},"content":{"rendered":"<p>A La Loggia via ai lavori per la nuova rotatoria che gestir\u00e0 l\u2019incrocio tra strada Nizza e la provinciale 145 che conduce a Vinovo. L\u2019intervento \u00e8 necessario per sicurezza visto l\u2019alto tasso di incidentalit\u00e0 della zona, inoltre insieme alla rotonda prender\u00e0 forma una pista ciclo pedonale che porter\u00e0 al cimitero comunale, per il quale \u00e8 gi\u00e0 partito l\u2019iter relativo all\u2019ampliamento. I lavori perdureranno almeno fino al prossimo 31 dicembre, cos\u00ec perlomeno si legge sull\u2019ordinanza del comando di polizia locale che vieta la sosta e vincola il traffico nella zona dei lavori.<\/p>\n","protected":false},"excerpt":{"rendered":"","protected":false},"author":10,"featured_media":41331,"comment_status":"open","ping_status":"closed","sticky":false,"template":"","format":"standard","meta":[],"categories":[34],"tags":[],"news-destination":[],"news-source":[],"is_homepage":[],"ta_other":[],"_links":{"self":[{"href":"https:\/\/www.ilmercoledi.news\/ilmercoledi\/news\/wp-json\/wp\/v2\/posts\/48036"}],"collection":[{"href":"https:\/\/www.ilmercoledi.news\/ilmercoledi\/news\/wp-json\/wp\/v2\/posts"}],"about":[{"href":"https:\/\/www.ilmercoledi.news\/ilmercoledi\/news\/wp-json\/wp\/v2\/types\/post"}],"author":[{"embeddable":true,"href":"https:\/\/www.ilmercoledi.news\/ilmercoledi\/news\/wp-json\/wp\/v2\/users\/10"}],"replies":[{"embeddable":true,"href":"https:\/\/www.ilmercoledi.news\/ilmercoledi\/news\/wp-json\/wp\/v2\/comments?post=48036"}],"version-history":[{"count":0,"href":"https:\/\/www.ilmercoledi.news\/ilmercoledi\/news\/wp-json\/wp\/v2\/posts\/48036\/revisions"}],"wp:featuredmedia":[{"embeddable":true,"href":"https:\/\/www.ilmercoledi.news\/ilmercoledi\/news\/wp-json\/wp\/v2\/media\/41331"}],"wp:attachment":[{"href":"https:\/\/www.ilmercoledi.news\/ilmercoledi\/news\/wp-json\/wp\/v2\/media?parent=48036"}],"wp:term":[{"taxonomy":"category","embeddable":true,"href":"https:\/\/www.ilmercoledi.news\/ilmercoledi\/news\/wp-json\/wp\/v2\/categories?post=48036"},{"taxonomy":"post_tag","embeddable":true,"href":"https:\/\/www.ilmercoledi.news\/ilmercoledi\/news\/wp-json\/wp\/v2\/tags?post=48036"},{"taxonomy":"news-destination","embeddable":true,"href":"https:\/\/www.ilmercoledi.news\/ilmercoledi\/news\/wp-json\/wp\/v2\/news-destination?post=48036"},{"taxonomy":"news-source","embeddable":true,"href":"https:\/\/www.ilmercoledi.news\/ilmercoledi\/news\/wp-json\/wp\/v2\/news-source?post=48036"},{"taxonomy":"is_homepage","embeddable":true,"href":"https:\/\/www.ilmercoledi.news\/ilmercoledi\/news\/wp-json\/wp\/v2\/is_homepage?post=48036"},{"taxonomy":"ta_other","embeddable":true,"href":"https:\/\/www.ilmercoledi.news\/ilmercoledi\/news\/wp-json\/wp\/v2\/ta_other?post=48036"}],"curies":[{"name":"wp","href":"https:\/\/api.w.org\/{rel}","templated":true}]}}