{"id":48125,"date":"2022-07-19T12:31:18","date_gmt":"2022-07-19T10:31:18","guid":{"rendered":"https:\/\/www-ilmercoledi-news-*.sitenm.com\/?p=48125"},"modified":"2022-07-19T12:32:36","modified_gmt":"2022-07-19T10:32:36","slug":"moncalieri-malasosta-prosegue-loffensiva","status":"publish","type":"post","link":"https:\/\/www.ilmercoledi.news\/2022\/07\/19\/moncalieri-malasosta-prosegue-loffensiva\/","title":{"rendered":"MONCALIERI &#8211; \u00abMalasosta\u00bb, prosegue l&#8217;offensiva"},"content":{"rendered":"<p>MONCALIERI \u2013 A proposito di sosta selvaggia e magari impunita va ricordato che la regola non vale affatto. A Moncalieri perlomeno, dove ormai da diversi giorni il comando della polizia locale ha deciso di applicare la tolleranza zero nei confronti di chi non solo parcheggia male e fuori dagli spazi preposti, ma lo fa anche in modo da arrecare disturbo alla circolazione, non solo dei veicoli ma anche dei pedoni. Gli uomini del comando di piazza Vittorio infatti hanno gi\u00e0 sanzionato moltissimi veicoli, agendo anche su segnalazione degli stessi cittadini che, indignati, hanno contattato il centralino per indicare la posizione di macchine che, nell\u2019ordine, erano state bellamente lasciate alle fermate del bus piuttosto che negli stalli per disabili. Ma \u00e8 stata la prima situazione che ha fatto imbufalire molti moncalieresi. I veicoli in sosta selvaggia infatti rappresentavano un vero e proprio ostacolo per chi doveva salire o scendere dall\u2019autobus, per questo quasi nessuno si \u00e8 voltato dall\u2019altra parte ignorando quello che a tutti gli effetti non \u00e8 solo un atto di prepotenza, ma una totale mancanza di rispetto nei confronti degli altri. Da l\u00ec le telefonate al comando, dal quale sono stati mandati subito degli uomini a verificare la situazione e staccare multe a raffica, appunto nell\u2019ambito dell\u2019annunciata ottica a tolleranza zero, che non intende vivere di sole segnalazioni. Gli agenti infatti ogni giorno monitorano attentamente il territorio su tale fronte, con l\u2019intenzione di non farla passare liscia a chi esagera. Come dire che gli autori di plateali soste selvagge, con macchine lasciata davanti ai passi carrai piuttosto che sul altri tipi di passaggi, come ad esempio quelli pedonali, avr\u00e0 ben poche possibilit\u00e0 di farla franca. E chiss\u00e0 che a queste persone il nuovo trattamento non serva da lezione: impareranno finalmente e parcheggiare rispettosamente?<\/p>\n","protected":false},"excerpt":{"rendered":"","protected":false},"author":10,"featured_media":8656,"comment_status":"open","ping_status":"closed","sticky":false,"template":"","format":"standard","meta":[],"categories":[34],"tags":[],"news-destination":[],"news-source":[],"is_homepage":[],"ta_other":[],"_links":{"self":[{"href":"https:\/\/www.ilmercoledi.news\/ilmercoledi\/news\/wp-json\/wp\/v2\/posts\/48125"}],"collection":[{"href":"https:\/\/www.ilmercoledi.news\/ilmercoledi\/news\/wp-json\/wp\/v2\/posts"}],"about":[{"href":"https:\/\/www.ilmercoledi.news\/ilmercoledi\/news\/wp-json\/wp\/v2\/types\/post"}],"author":[{"embeddable":true,"href":"https:\/\/www.ilmercoledi.news\/ilmercoledi\/news\/wp-json\/wp\/v2\/users\/10"}],"replies":[{"embeddable":true,"href":"https:\/\/www.ilmercoledi.news\/ilmercoledi\/news\/wp-json\/wp\/v2\/comments?post=48125"}],"version-history":[{"count":0,"href":"https:\/\/www.ilmercoledi.news\/ilmercoledi\/news\/wp-json\/wp\/v2\/posts\/48125\/revisions"}],"wp:featuredmedia":[{"embeddable":true,"href":"https:\/\/www.ilmercoledi.news\/ilmercoledi\/news\/wp-json\/wp\/v2\/media\/8656"}],"wp:attachment":[{"href":"https:\/\/www.ilmercoledi.news\/ilmercoledi\/news\/wp-json\/wp\/v2\/media?parent=48125"}],"wp:term":[{"taxonomy":"category","embeddable":true,"href":"https:\/\/www.ilmercoledi.news\/ilmercoledi\/news\/wp-json\/wp\/v2\/categories?post=48125"},{"taxonomy":"post_tag","embeddable":true,"href":"https:\/\/www.ilmercoledi.news\/ilmercoledi\/news\/wp-json\/wp\/v2\/tags?post=48125"},{"taxonomy":"news-destination","embeddable":true,"href":"https:\/\/www.ilmercoledi.news\/ilmercoledi\/news\/wp-json\/wp\/v2\/news-destination?post=48125"},{"taxonomy":"news-source","embeddable":true,"href":"https:\/\/www.ilmercoledi.news\/ilmercoledi\/news\/wp-json\/wp\/v2\/news-source?post=48125"},{"taxonomy":"is_homepage","embeddable":true,"href":"https:\/\/www.ilmercoledi.news\/ilmercoledi\/news\/wp-json\/wp\/v2\/is_homepage?post=48125"},{"taxonomy":"ta_other","embeddable":true,"href":"https:\/\/www.ilmercoledi.news\/ilmercoledi\/news\/wp-json\/wp\/v2\/ta_other?post=48125"}],"curies":[{"name":"wp","href":"https:\/\/api.w.org\/{rel}","templated":true}]}}