{"id":48216,"date":"2022-07-22T08:35:47","date_gmt":"2022-07-22T06:35:47","guid":{"rendered":"https:\/\/www-ilmercoledi-news-*.sitenm.com\/?p=48216"},"modified":"2022-07-22T08:37:39","modified_gmt":"2022-07-22T06:37:39","slug":"biella-corse-protagonista-al-casentino","status":"publish","type":"post","link":"https:\/\/www.ilmercoledi.news\/2022\/07\/22\/biella-corse-protagonista-al-casentino\/","title":{"rendered":"Biella Corse protagonista al Casentino"},"content":{"rendered":"<p>\u201cChiudere al secondo posto assoluto a soli 1,6\u201d dal vertice fa un po\u2019 \u201cgirare le scatole\u201d \u2026 ma avere due auto nella \u201ctop ten\u201d \u00e8 cosa che non capita tutti i giorni\u201c. E\u2019 questo il commento a caldo del \u201cTeam Manager\u201d di Biella Corse,\u00a0<strong>Alberto Negri<\/strong>, al termine del 42\u00b0 Rally Internazionale del Casentino, che si \u00e8 corso questo fine settimana a Bibbiena, in Provincia di Arezzo (Toscana).<\/p>\n<p>La gara, terza prova dell\u2019International Rally Cup 2022, non \u00e8 stata certo facile \u2026 il gran caldo ha penalizzato tutti, condizionando non poco anche il rendimento dei motori.<\/p>\n<p>Due dei tre equipaggi Biella Corse al via sono riusciti a portare a termine la gara; niente da fare, invece, per Giuseppe Frattalemi, sfortunato anche in questa occasione.<\/p>\n<p>Andiamo con ordine.\u00a0<strong>Luca Rossetti<\/strong>\u00a0e\u00a0<strong>Manuel Fenoli<\/strong>, vincitori della precedente prova dell\u2019IRC (il Rally del Taro, corso a fine maggio), hanno gareggiato con una Skoda Fabia (Gruppo RC2N, Classe R5-Rally2) preparata dal Lion Team di\u00a0<strong>Andrea Minchella<\/strong>\u00a0e chiuso il rally al secondo posto assoluto, di gruppo e di classe.<\/p>\n<p>Rallentato, nel primo giro di prove, da un problema all\u2019impianto frenante, poi risolto in assistenza, Rossetti ha occupato la seconda piazza per quasi tutta la gara, provando sempre a ridurre il distacco dal vertice della classifica. All\u2019ultimo per\u00f2 la \u201czampata finale\u201d non c\u2019\u00e8 stata, a causa di una foratura, in cui peraltro \u00e8 incappato anche il vincitore della gara. \u201cE\u2019 andata cos\u00ec\u201d aggiunge Negri \u201cci giocheremo tutto a Bassano del Grappa, nell\u2019ultima prova della stagione\u201c.<\/p>\n<p>Discorso diverso per\u00a0<strong>Simone Goldoni<\/strong>\u00a0ed\u00a0<strong>Eric Macori<\/strong>, in gara con una Skoda Fabia Evo2 (Gruppo RC2N, Classe R5-Rally2), preparata e assistita dalla P.A. Racing di\u00a0<strong>Alessandro Perico<\/strong>.<\/p>\n<p>I due valdostani di Biella Corse hanno infatti chiuso al decimo posto assoluto, di gruppo e di classe, settimi, al termine di una gara ricca di insidie, nella classifica dell\u2019IrCup.<\/p>\n<p>\u201cCi eravamo prefissati di chiudere tra i primi dieci\u201d ha commentato il pilota al termine \u201ce ci siamo riusciti. Siamo molto contenti perch\u00e9, ancora una volta, abbiamo capito quanto conti in un rally la conoscenza delle strade (cosa che in questa occasione non era il nostro \u201cpunto forte\u201d) e il feeling con la vettura. A questo proposito, voglio dire che questa era la mia terza uscita con una R5 e sono soddisfatto della mia guida. Non \u00e8 facile, perch\u00e9, rispetto al passato e ai tempi della Suzuki, ora bisogna anticipare mentalmente le manovre da compiere perch\u00e9 questa quattro ruote motrici spinge davvero molto\u201d.<\/p>\n<p>Va ricordato che a Goldoni il Rally del Casentino ha portato anche il 5\u00b0 posto nella classifica del Challenge: altro piazzamento di rilievo che l\u2019equipaggio aveva messo \u201cnel mirino\u201d alla vigilia. \u201cAbbiamo un occhio di riguardo per questa classifica, perch\u00e9 ci permette di confrontarci con piloti di esperienza: contiamo di poter fare bene anche nell\u2019ultima tappa!\u201d.<\/p>\n<p>Infine lo sfortunato\u00a0<strong>Giuseppe Frattalemi<\/strong>, che al Casentino era navigato da\u00a0<strong>Gabriele Zanni<\/strong>, sulla Peugeot 208 (Gruppo RC4N, Classe Rally4) preparata e assistita Chemin Rally Team di\u00a0<strong>Christian Chemin<\/strong>.<\/p>\n<p>\u201cAnche questa volta non \u00e8 andata bene\u201d ha commentato sconsolato \u201csiamo stati nuovamente costretti al ritiro, nella terza prova cronometrata, per un \u201cproblema tecnico\u201d, probabilmente dovuto all\u2019alta temperatura della giornata di gara\u201c.<\/p>\n<p>L\u2019International Rally Cup ora si ferma per la pausa estiva. In programma c\u2019\u00e8 ancora l\u2019ultima prova della stagione, il 29\u00b0 Rally Citt\u00e0 di Bassano, che si correr\u00e0 a Bassano del Grappa, il 28 ottobre 2022.<\/p>\n","protected":false},"excerpt":{"rendered":"","protected":false},"author":10,"featured_media":48215,"comment_status":"open","ping_status":"closed","sticky":false,"template":"","format":"standard","meta":[],"categories":[10],"tags":[],"news-destination":[],"news-source":[],"is_homepage":[],"ta_other":[],"_links":{"self":[{"href":"https:\/\/www.ilmercoledi.news\/ilmercoledi\/news\/wp-json\/wp\/v2\/posts\/48216"}],"collection":[{"href":"https:\/\/www.ilmercoledi.news\/ilmercoledi\/news\/wp-json\/wp\/v2\/posts"}],"about":[{"href":"https:\/\/www.ilmercoledi.news\/ilmercoledi\/news\/wp-json\/wp\/v2\/types\/post"}],"author":[{"embeddable":true,"href":"https:\/\/www.ilmercoledi.news\/ilmercoledi\/news\/wp-json\/wp\/v2\/users\/10"}],"replies":[{"embeddable":true,"href":"https:\/\/www.ilmercoledi.news\/ilmercoledi\/news\/wp-json\/wp\/v2\/comments?post=48216"}],"version-history":[{"count":0,"href":"https:\/\/www.ilmercoledi.news\/ilmercoledi\/news\/wp-json\/wp\/v2\/posts\/48216\/revisions"}],"wp:featuredmedia":[{"embeddable":true,"href":"https:\/\/www.ilmercoledi.news\/ilmercoledi\/news\/wp-json\/wp\/v2\/media\/48215"}],"wp:attachment":[{"href":"https:\/\/www.ilmercoledi.news\/ilmercoledi\/news\/wp-json\/wp\/v2\/media?parent=48216"}],"wp:term":[{"taxonomy":"category","embeddable":true,"href":"https:\/\/www.ilmercoledi.news\/ilmercoledi\/news\/wp-json\/wp\/v2\/categories?post=48216"},{"taxonomy":"post_tag","embeddable":true,"href":"https:\/\/www.ilmercoledi.news\/ilmercoledi\/news\/wp-json\/wp\/v2\/tags?post=48216"},{"taxonomy":"news-destination","embeddable":true,"href":"https:\/\/www.ilmercoledi.news\/ilmercoledi\/news\/wp-json\/wp\/v2\/news-destination?post=48216"},{"taxonomy":"news-source","embeddable":true,"href":"https:\/\/www.ilmercoledi.news\/ilmercoledi\/news\/wp-json\/wp\/v2\/news-source?post=48216"},{"taxonomy":"is_homepage","embeddable":true,"href":"https:\/\/www.ilmercoledi.news\/ilmercoledi\/news\/wp-json\/wp\/v2\/is_homepage?post=48216"},{"taxonomy":"ta_other","embeddable":true,"href":"https:\/\/www.ilmercoledi.news\/ilmercoledi\/news\/wp-json\/wp\/v2\/ta_other?post=48216"}],"curies":[{"name":"wp","href":"https:\/\/api.w.org\/{rel}","templated":true}]}}