{"id":48264,"date":"2022-07-25T18:46:31","date_gmt":"2022-07-25T16:46:31","guid":{"rendered":"https:\/\/www-ilmercoledi-news-*.sitenm.com\/?p=48264"},"modified":"2022-07-25T18:47:51","modified_gmt":"2022-07-25T16:47:51","slug":"pecetto-contributi-ai-centri-estivi","status":"publish","type":"post","link":"https:\/\/www.ilmercoledi.news\/2022\/07\/25\/pecetto-contributi-ai-centri-estivi\/","title":{"rendered":"PECETTO: Contributi ai centri estivi"},"content":{"rendered":"<p>Il Comune di Pecetto riconosce un contributo economico a tutte le realt\u00e0 locali che hanno portato avanti progetti legati ai centri estivi per i ragazzi. Fondi che il palazzo civico finalizza al potenziamento dei citati centri estivi, dei servizi socioeducativi territoriali e dei centri con funzione educativa e ricreativa destinati alle attivit\u00e0 dei minori. Ad ogni sodalizio che ne far\u00e0 richiesta, avendone i requisiti, l\u2019ente erogher\u00e0 la somma di 2.500 euro nei limiti delle risorse assegnate dallo Stato. Oggi, mercoled\u00ec 27 luglio, \u00e8 l\u2019ultimo giorno per spedire il modello compilato per la richiesta all\u2019indirizzo info@comune.pecetto.to.it.<\/p>\n","protected":false},"excerpt":{"rendered":"","protected":false},"author":10,"featured_media":3229,"comment_status":"open","ping_status":"closed","sticky":false,"template":"","format":"standard","meta":[],"categories":[34],"tags":[],"news-destination":[],"news-source":[],"is_homepage":[],"ta_other":[],"_links":{"self":[{"href":"https:\/\/www.ilmercoledi.news\/ilmercoledi\/news\/wp-json\/wp\/v2\/posts\/48264"}],"collection":[{"href":"https:\/\/www.ilmercoledi.news\/ilmercoledi\/news\/wp-json\/wp\/v2\/posts"}],"about":[{"href":"https:\/\/www.ilmercoledi.news\/ilmercoledi\/news\/wp-json\/wp\/v2\/types\/post"}],"author":[{"embeddable":true,"href":"https:\/\/www.ilmercoledi.news\/ilmercoledi\/news\/wp-json\/wp\/v2\/users\/10"}],"replies":[{"embeddable":true,"href":"https:\/\/www.ilmercoledi.news\/ilmercoledi\/news\/wp-json\/wp\/v2\/comments?post=48264"}],"version-history":[{"count":0,"href":"https:\/\/www.ilmercoledi.news\/ilmercoledi\/news\/wp-json\/wp\/v2\/posts\/48264\/revisions"}],"wp:featuredmedia":[{"embeddable":true,"href":"https:\/\/www.ilmercoledi.news\/ilmercoledi\/news\/wp-json\/wp\/v2\/media\/3229"}],"wp:attachment":[{"href":"https:\/\/www.ilmercoledi.news\/ilmercoledi\/news\/wp-json\/wp\/v2\/media?parent=48264"}],"wp:term":[{"taxonomy":"category","embeddable":true,"href":"https:\/\/www.ilmercoledi.news\/ilmercoledi\/news\/wp-json\/wp\/v2\/categories?post=48264"},{"taxonomy":"post_tag","embeddable":true,"href":"https:\/\/www.ilmercoledi.news\/ilmercoledi\/news\/wp-json\/wp\/v2\/tags?post=48264"},{"taxonomy":"news-destination","embeddable":true,"href":"https:\/\/www.ilmercoledi.news\/ilmercoledi\/news\/wp-json\/wp\/v2\/news-destination?post=48264"},{"taxonomy":"news-source","embeddable":true,"href":"https:\/\/www.ilmercoledi.news\/ilmercoledi\/news\/wp-json\/wp\/v2\/news-source?post=48264"},{"taxonomy":"is_homepage","embeddable":true,"href":"https:\/\/www.ilmercoledi.news\/ilmercoledi\/news\/wp-json\/wp\/v2\/is_homepage?post=48264"},{"taxonomy":"ta_other","embeddable":true,"href":"https:\/\/www.ilmercoledi.news\/ilmercoledi\/news\/wp-json\/wp\/v2\/ta_other?post=48264"}],"curies":[{"name":"wp","href":"https:\/\/api.w.org\/{rel}","templated":true}]}}