{"id":48325,"date":"2022-07-27T10:02:31","date_gmt":"2022-07-27T08:02:31","guid":{"rendered":"https:\/\/www-ilmercoledi-news-*.sitenm.com\/?p=48325"},"modified":"2024-08-29T07:00:30","modified_gmt":"2023-11-03T07:00:30","slug":"speed-fire-e-i-suoi-magnifici-sette","status":"publish","type":"post","link":"https:\/\/www.ilmercoledi.news\/2022\/07\/27\/speed-fire-e-i-suoi-magnifici-sette\/","title":{"rendered":"Speed fire e i suoi magnifici sette"},"content":{"rendered":"<p>Questo fine settimana va in scena la 35\u00b0 edizione del Rally Lana, la celebre gara su strade biellesi organizzata dalla Rally Lana Alive a.s.d. con la New Turbomark a curarne gli aspetti tecnico-sportivi. Far\u00e0 segnare la propria presenza schierando alla partenza ben sette equipaggi anche la Speed Fire Racing che, tra le prove di venerd\u00ec 29 e sabato 30 luglio, spera di poter portare a casa buoni risultati nella corsa \u201cvicina di casa\u201d. Il Rally biellese sar\u00e0 il quarto dei sei eventi della Coppa Rally di Zona 1, che comprende il Piemonte e la Valle d\u2019Aosta, nonch\u00e9 il secondo ed ultimo appuntamento a massimo coefficiente (1,5) e, novit\u00e0 di quest\u2019anno, sar\u00e0 valevole per il Campionato Italiano Rally Asfalto (CIRA).<\/p>\n<p>La gara prevede sette speciali e sar\u00e0 aperta dalla leggendaria salita al Santuario di Oropa per una prova d\u2019apertura da 23,5 km simbolicamente intitolata alla Citt\u00e0 di Biella. Le altre tre prove, da ripetersi due volte, si disputeranno nella giornata di sabato 30 luglio: Bielmonte da 10,4 km, Ailoche da 11,5 km e infine Curino da 13,35 km che rappresenta la prova simbolo del Rally Lana. L\u2019arrivo finale si attende in Piazza Martiri della Libert\u00e0 a Biella dopo le cinque.<\/p>\n<p>I portacolori della scuderia borgosesiana saranno: Gianluca Quaderno e Lara Zanolo su Renault Clio che gareggeranno in classe R3, Paolo De Marco e Massimo Ciocca su Peugeot 106 in N2, Nicol\u00f2 Ardizzone e Mattia Rodighiero su Suzuki Swift 1,6 in Racing Star, Carlo Desimone e Simone Cipolla su Fiat 600 in A0, Davide Tardani e Paolo Urban su Peugeot 208 in R4, Marco Abbate, Francesco De Ruosi su Citroen Saxo in N2 e Alessandro Bocchio con Leonardo Mazzilli su Skoda Fabia in R5.<\/p>\n<p>Il programma: il via sar\u00e0 alle 21 di venerd\u00ec 29 luglio da piazza Martiri della Libert\u00e0 a Biella. Poi, dopo la selettiva speciale d\u2019apertura (dalle 21.23), il riordino notturno e restart alle 7.56 di sabato 30 luglio per la lunga giornata finale con i due passaggi sulle tre prove speciali (il primo al via fra le 8.38 e le 10.04, il secondo fra le 14.33 e 15.59) inframmezzati da riordino (dalle 11.06 alle 12.56) e parco assistenza (uscita dalle 13.51) a Biella. Arrivo finale in Piazza Martiri della Libert\u00e0 dalle ore 17.01.<\/p>\n","protected":false},"excerpt":{"rendered":"","protected":false},"author":10,"featured_media":48324,"comment_status":"open","ping_status":"closed","sticky":false,"template":"","format":"standard","meta":[],"categories":[10],"tags":[],"news-destination":[],"news-source":[],"is_homepage":[],"ta_other":[],"_links":{"self":[{"href":"https:\/\/www.ilmercoledi.news\/ilmercoledi\/news\/wp-json\/wp\/v2\/posts\/48325"}],"collection":[{"href":"https:\/\/www.ilmercoledi.news\/ilmercoledi\/news\/wp-json\/wp\/v2\/posts"}],"about":[{"href":"https:\/\/www.ilmercoledi.news\/ilmercoledi\/news\/wp-json\/wp\/v2\/types\/post"}],"author":[{"embeddable":true,"href":"https:\/\/www.ilmercoledi.news\/ilmercoledi\/news\/wp-json\/wp\/v2\/users\/10"}],"replies":[{"embeddable":true,"href":"https:\/\/www.ilmercoledi.news\/ilmercoledi\/news\/wp-json\/wp\/v2\/comments?post=48325"}],"version-history":[{"count":1,"href":"https:\/\/www.ilmercoledi.news\/ilmercoledi\/news\/wp-json\/wp\/v2\/posts\/48325\/revisions"}],"predecessor-version":[{"id":48337,"href":"https:\/\/www.ilmercoledi.news\/ilmercoledi\/news\/wp-json\/wp\/v2\/posts\/48325\/revisions\/48337"}],"wp:featuredmedia":[{"embeddable":true,"href":"https:\/\/www.ilmercoledi.news\/ilmercoledi\/news\/wp-json\/wp\/v2\/media\/48324"}],"wp:attachment":[{"href":"https:\/\/www.ilmercoledi.news\/ilmercoledi\/news\/wp-json\/wp\/v2\/media?parent=48325"}],"wp:term":[{"taxonomy":"category","embeddable":true,"href":"https:\/\/www.ilmercoledi.news\/ilmercoledi\/news\/wp-json\/wp\/v2\/categories?post=48325"},{"taxonomy":"post_tag","embeddable":true,"href":"https:\/\/www.ilmercoledi.news\/ilmercoledi\/news\/wp-json\/wp\/v2\/tags?post=48325"},{"taxonomy":"news-destination","embeddable":true,"href":"https:\/\/www.ilmercoledi.news\/ilmercoledi\/news\/wp-json\/wp\/v2\/news-destination?post=48325"},{"taxonomy":"news-source","embeddable":true,"href":"https:\/\/www.ilmercoledi.news\/ilmercoledi\/news\/wp-json\/wp\/v2\/news-source?post=48325"},{"taxonomy":"is_homepage","embeddable":true,"href":"https:\/\/www.ilmercoledi.news\/ilmercoledi\/news\/wp-json\/wp\/v2\/is_homepage?post=48325"},{"taxonomy":"ta_other","embeddable":true,"href":"https:\/\/www.ilmercoledi.news\/ilmercoledi\/news\/wp-json\/wp\/v2\/ta_other?post=48325"}],"curies":[{"name":"wp","href":"https:\/\/api.w.org\/{rel}","templated":true}]}}